{"id":743,"date":"2016-04-07T13:00:25","date_gmt":"2016-04-07T12:00:25","guid":{"rendered":"http:\/\/ostrowska.tv\/?p=743"},"modified":"2016-04-07T13:05:28","modified_gmt":"2016-04-07T12:05:28","slug":"osp-z-nowym-wozem-a-to-nie-koniec","status":"publish","type":"post","link":"https:\/\/ostrowskatv.pl\/?p=743","title":{"rendered":"OSP z nowym wozem. A to nie koniec!"},"content":{"rendered":"<p><strong>Ochotnicza Stra\u017c Po\u017carna w Ostrowie Wielkopolskim doczeka\u0142a si\u0119 nowego wozu, kt\u00f3ry zast\u0105pi stary i wys\u0142u\u017cony Daewoo Lublin. Koszt inwestycji 252 tysi\u0105ce z\u0142otych.<\/strong><\/p>\n<p>\u015arodki uda\u0142o si\u0119 pozyska\u0107 z Wojew\u00f3dzkiego Funduszu Ochrony \u015arodowiska (182 tysi\u0105ce z\u0142otych). Kwot\u0119 70 tysi\u0119cy z\u0142otych dorzuci\u0142 Urz\u0105d Miejski w Ostrowie Wielkopolskim. &#8211; Do tej pory mieli\u015bmy busa, kt\u00f3ry by\u0142 przez naszych stra\u017cak\u00f3w przerobiony na pojazd ratowniczy. Niestety, nie posiada\u0142 on zbiornika wodnego, a poza tym by\u0142o w nim ma\u0142o miejsca na sprz\u0119t po\u017carniczy. Nowy zakup b\u0119dzie nam zdecydowanie bardziej s\u0142u\u017cy\u0107. Zbiornik wodny to jego g\u0142\u00f3wny atut \u2013 m\u00f3wi naczelnik OSP w Ostrowie Wielkopolskim Adam Ko\u0142odziej.<\/p>\n<p>W OSP ciesz\u0105 si\u0119 z nowego pojazdu. Wiele wskazuje, \u017ce to jednak nie koniec zakup\u00f3w w najbli\u017cszym czasie. Najprawdopodobniej stra\u017cacy ju\u017c wkr\u00f3tce b\u0119d\u0105 mogli pochwali\u0107 si\u0119 kolejnym nabytkiem. Nast\u0119pny pojazd maj\u0105 otrzyma\u0107 w ramach Ostrowskiego Bud\u017cetu Obywatelskiego.<em> &#8211; To b\u0119dzie \u015bredni samoch\u00f3d ratowniczo \u2013 ga\u015bniczy. G\u0142\u00f3wna r\u00f3\u017cnica polega na tym, \u017ce b\u0119dzie on posiada\u0107 wi\u0119kszy zbiornik wodny. W przypadku naszego najnowszego zakupu m\u00f3wimy o 1000 litr\u00f3w wody. Chcemy zakupi\u0107 pojazd ze zbiornikiem 3000 litr\u00f3w. Nie b\u0119dzie to nowy samoch\u00f3d, bo jeste\u015bmy ograniczeni kwotowo, ale z pewno\u015bci\u0105 b\u0119dzie nas sta\u0107 na zakup, kt\u00f3ry b\u0119dzie dobrze s\u0142u\u017cy\u0107 mieszka\u0144com miasta<\/em> \u2013 dodaje <strong>Adam Ko\u0142odziej.<\/strong><\/p>\n<p>OSP w Ostrowie Wielkopolskim zrobi\u0142a zatem krok w prz\u00f3d. Warto jednak doda\u0107, \u017ce potrzeby stra\u017cak\u00f3w s\u0105 znacznie wi\u0119ksze. Na co dzie\u0144 zmagaj\u0105 si\u0119 oni z wieloma problemami. Tym g\u0142\u00f3wnym jest brak miejsc gara\u017cowych i suszarni w\u0119\u017cy. Oby wkr\u00f3tce i te kwestie uda\u0142o si\u0119 rozwi\u0105za\u0107.<\/p>\n<p>Na koniec zapraszamy do obejrzenia wideorelacji z przekazania nowego pojazdu.<\/p>\n<div style=\"width: 640px;\" class=\"wp-video\"><video class=\"wp-video-shortcode\" id=\"video-743-1\" width=\"640\" height=\"360\" preload=\"metadata\" controls=\"controls\"><source type=\"video\/mp4\" src=\"http:\/\/ostrowska.tv\/wp-content\/uploads\/2016\/04\/woz-osp.mp4?_=1\" \/><a href=\"http:\/\/ostrowska.tv\/wp-content\/uploads\/2016\/04\/woz-osp.mp4\">http:\/\/ostrowska.tv\/wp-content\/uploads\/2016\/04\/woz-osp.mp4<\/a><\/video><\/div>\n<p>&nbsp;<\/p>\n","protected":false},"excerpt":{"rendered":"Ochotnicza Stra\u017c Po\u017carna w Ostrowie Wielkopolskim doczeka\u0142a si\u0119 nowego wozu, kt\u00f3ry zast\u0105pi stary i wys\u0142u\u017cony Daewoo Lublin. Koszt inwestycji 252 tysi\u0105ce z\u0142otych. \u015arodki \n<a class=\"moretag\" href=\"https:\/\/ostrowskatv.pl\/?p=743\"> [...]<\/a>","protected":false},"author":1,"featured_media":744,"comment_status":"open","ping_status":"open","sticky":false,"template":"","format":"standard","meta":{"footnotes":""},"categories":[1],"tags":[2],"class_list":["post-743","post","type-post","status-publish","format-standard","has-post-thumbnail","hentry","category-news","tag-ostrow-wielkopolski"],"_links":{"self":[{"href":"https:\/\/ostrowskatv.pl\/index.php?rest_route=\/wp\/v2\/posts\/743","targetHints":{"allow":["GET"]}}],"collection":[{"href":"https:\/\/ostrowskatv.pl\/index.php?rest_route=\/wp\/v2\/posts"}],"about":[{"href":"https:\/\/ostrowskatv.pl\/index.php?rest_route=\/wp\/v2\/types\/post"}],"author":[{"embeddable":true,"href":"https:\/\/ostrowskatv.pl\/index.php?rest_route=\/wp\/v2\/users\/1"}],"replies":[{"embeddable":true,"href":"https:\/\/ostrowskatv.pl\/index.php?rest_route=%2Fwp%2Fv2%2Fcomments&post=743"}],"version-history":[{"count":0,"href":"https:\/\/ostrowskatv.pl\/index.php?rest_route=\/wp\/v2\/posts\/743\/revisions"}],"wp:featuredmedia":[{"embeddable":true,"href":"https:\/\/ostrowskatv.pl\/index.php?rest_route=\/wp\/v2\/media\/744"}],"wp:attachment":[{"href":"https:\/\/ostrowskatv.pl\/index.php?rest_route=%2Fwp%2Fv2%2Fmedia&parent=743"}],"wp:term":[{"taxonomy":"category","embeddable":true,"href":"https:\/\/ostrowskatv.pl\/index.php?rest_route=%2Fwp%2Fv2%2Fcategories&post=743"},{"taxonomy":"post_tag","embeddable":true,"href":"https:\/\/ostrowskatv.pl\/index.php?rest_route=%2Fwp%2Fv2%2Ftags&post=743"}],"curies":[{"name":"wp","href":"https:\/\/api.w.org\/{rel}","templated":true}]}}