{"id":7429,"date":"2018-09-25T15:35:00","date_gmt":"2018-09-25T14:35:00","guid":{"rendered":"http:\/\/ostrowska.tv\/?p=7429"},"modified":"2018-09-25T15:35:00","modified_gmt":"2018-09-25T14:35:00","slug":"wjechal-w-radiowoz","status":"publish","type":"post","link":"https:\/\/ostrowskatv.pl\/?p=7429","title":{"rendered":"Wjecha\u0142 w radiow\u00f3z"},"content":{"rendered":"<p><strong>Bliskie spotkanie z funkcjonariuszami ostrowskiej drog\u00f3wki mia\u0142 m\u0119\u017cczyzna kieruj\u0105cy Oplem. Na ul. G\u0142ogowskiej przez nieuwag\u0119 wjecha\u0142 w ty\u0142 radiowozu, jad\u0105cego do innej kolizji. Mo\u017cna za\u017cartowa\u0107, \u017ce policja ustanowi\u0142a nieoficjalny rekord w szybko\u015bci dotarcia na miejsce zdarzenia.<\/strong><\/p>\n<p>\u017badnej z os\u00f3b jad\u0105cych w obu pojazdach nic si\u0119 nie sta\u0142o. Policja ma uszkodzony tylny zderzak, a w Oplu by\u0142 uszkodzony przedni zderzak i wyla\u0142 si\u0119 jeden z p\u0142yn\u00f3w eksploatacyjnych. Na miejsce wezwano drugi patrol ruchu drogowego, naczelnika wydzia\u0142u drogowego i nadzoruj\u0105cego s\u0142u\u017cb\u0119.<\/p>\n<p>Kolizja mia\u0142a miejsce po godzinie 15.00.<\/p>\n<div id='gallery-1' class='gallery galleryid-7429 gallery-columns-3 gallery-size-thumbnail'><figure class='gallery-item'>\n\t\t\t<div class='gallery-icon landscape'>\n\t\t\t\t<a href='https:\/\/ostrowskatv.pl\/?attachment_id=7433'><img loading=\"lazy\" decoding=\"async\" width=\"150\" height=\"150\" src=\"https:\/\/ostrowskatv.pl\/wp-content\/uploads\/2018\/09\/IMG_20180925_153033-150x150.jpg\" class=\"attachment-thumbnail size-thumbnail\" alt=\"\" \/><\/a>\n\t\t\t<\/div><\/figure><figure class='gallery-item'>\n\t\t\t<div class='gallery-icon landscape'>\n\t\t\t\t<a href='https:\/\/ostrowskatv.pl\/?attachment_id=7432'><img loading=\"lazy\" decoding=\"async\" width=\"150\" height=\"150\" src=\"https:\/\/ostrowskatv.pl\/wp-content\/uploads\/2018\/09\/IMG_20180925_153110-150x150.jpg\" class=\"attachment-thumbnail size-thumbnail\" alt=\"\" \/><\/a>\n\t\t\t<\/div><\/figure><figure class='gallery-item'>\n\t\t\t<div class='gallery-icon landscape'>\n\t\t\t\t<a href='https:\/\/ostrowskatv.pl\/?attachment_id=7431'><img loading=\"lazy\" decoding=\"async\" width=\"150\" height=\"150\" src=\"https:\/\/ostrowskatv.pl\/wp-content\/uploads\/2018\/09\/IMG_20180925_153216-150x150.jpg\" class=\"attachment-thumbnail size-thumbnail\" alt=\"\" \/><\/a>\n\t\t\t<\/div><\/figure><figure class='gallery-item'>\n\t\t\t<div class='gallery-icon landscape'>\n\t\t\t\t<a href='https:\/\/ostrowskatv.pl\/?attachment_id=7430'><img loading=\"lazy\" decoding=\"async\" width=\"150\" height=\"150\" src=\"https:\/\/ostrowskatv.pl\/wp-content\/uploads\/2018\/09\/IMG_20180925_153211-150x150.jpg\" class=\"attachment-thumbnail size-thumbnail\" alt=\"\" \/><\/a>\n\t\t\t<\/div><\/figure>\n\t\t<\/div>\n\n","protected":false},"excerpt":{"rendered":"Bliskie spotkanie z funkcjonariuszami ostrowskiej drog\u00f3wki mia\u0142 m\u0119\u017cczyzna kieruj\u0105cy Oplem. Na ul. G\u0142ogowskiej przez nieuwag\u0119 wjecha\u0142 w ty\u0142 radiowozu, jad\u0105cego do innej kolizji. \n<a class=\"moretag\" href=\"https:\/\/ostrowskatv.pl\/?p=7429\"> [...]<\/a>","protected":false},"author":1,"featured_media":7432,"comment_status":"open","ping_status":"closed","sticky":false,"template":"","format":"standard","meta":{"footnotes":""},"categories":[1],"tags":[2],"class_list":["post-7429","post","type-post","status-publish","format-standard","has-post-thumbnail","hentry","category-news","tag-ostrow-wielkopolski"],"_links":{"self":[{"href":"https:\/\/ostrowskatv.pl\/index.php?rest_route=\/wp\/v2\/posts\/7429","targetHints":{"allow":["GET"]}}],"collection":[{"href":"https:\/\/ostrowskatv.pl\/index.php?rest_route=\/wp\/v2\/posts"}],"about":[{"href":"https:\/\/ostrowskatv.pl\/index.php?rest_route=\/wp\/v2\/types\/post"}],"author":[{"embeddable":true,"href":"https:\/\/ostrowskatv.pl\/index.php?rest_route=\/wp\/v2\/users\/1"}],"replies":[{"embeddable":true,"href":"https:\/\/ostrowskatv.pl\/index.php?rest_route=%2Fwp%2Fv2%2Fcomments&post=7429"}],"version-history":[{"count":0,"href":"https:\/\/ostrowskatv.pl\/index.php?rest_route=\/wp\/v2\/posts\/7429\/revisions"}],"wp:featuredmedia":[{"embeddable":true,"href":"https:\/\/ostrowskatv.pl\/index.php?rest_route=\/wp\/v2\/media\/7432"}],"wp:attachment":[{"href":"https:\/\/ostrowskatv.pl\/index.php?rest_route=%2Fwp%2Fv2%2Fmedia&parent=7429"}],"wp:term":[{"taxonomy":"category","embeddable":true,"href":"https:\/\/ostrowskatv.pl\/index.php?rest_route=%2Fwp%2Fv2%2Fcategories&post=7429"},{"taxonomy":"post_tag","embeddable":true,"href":"https:\/\/ostrowskatv.pl\/index.php?rest_route=%2Fwp%2Fv2%2Ftags&post=7429"}],"curies":[{"name":"wp","href":"https:\/\/api.w.org\/{rel}","templated":true}]}}