{"id":7415,"date":"2018-09-23T21:36:13","date_gmt":"2018-09-23T20:36:13","guid":{"rendered":"http:\/\/ostrowska.tv\/?p=7415"},"modified":"2018-09-23T21:36:13","modified_gmt":"2018-09-23T20:36:13","slug":"zderzenie-odolanowska-dluga","status":"publish","type":"post","link":"https:\/\/ostrowskatv.pl\/?p=7415","title":{"rendered":"Zderzenie Odolanowska &#8211; D\u0142uga"},"content":{"rendered":"<p><strong>Podczas opadu deszczu dosz\u0142o do zderzenia dw\u00f3ch aut osobowych na skrzy\u017cowaniu ulic D\u0142uga &#8211; Odolanowska w Ostrowie Wielkopolskim. Kieruj\u0105ca Oplem Zafir\u0105, przy migaj\u0105cych na \u017c\u00f3\u0142to \u015bwiat\u0142ach na sygnalizatorze drogowym, wyjecha\u0142a z ulicy podporz\u0105dkowanej wprost pod Forda. Dwie osoby z auta jad\u0105cego g\u0142\u00f3wn\u0105 drog\u0105 zosta\u0142y lekko poszkodowane i przebadane przez medyk\u00f3w. <\/strong><\/p>\n<p>To kolejny raz gdy niekt\u00f3rzy kierowcy przy \u015bwiat\u0142ach sugeruj\u0105cych konieczno\u015b\u0107 zachowania szczeg\u00f3lnej uwagi, nie patrz\u0105 na znaki drogowe.<\/p>\n<div id='gallery-1' class='gallery galleryid-7415 gallery-columns-3 gallery-size-thumbnail'><figure class='gallery-item'>\n\t\t\t<div class='gallery-icon landscape'>\n\t\t\t\t<a href='https:\/\/ostrowskatv.pl\/?attachment_id=7419'><img loading=\"lazy\" decoding=\"async\" width=\"150\" height=\"150\" src=\"https:\/\/ostrowskatv.pl\/wp-content\/uploads\/2018\/09\/IMG_20180923_185954-150x150.jpg\" class=\"attachment-thumbnail size-thumbnail\" alt=\"\" \/><\/a>\n\t\t\t<\/div><\/figure><figure class='gallery-item'>\n\t\t\t<div class='gallery-icon landscape'>\n\t\t\t\t<a href='https:\/\/ostrowskatv.pl\/?attachment_id=7418'><img loading=\"lazy\" decoding=\"async\" width=\"150\" height=\"150\" src=\"https:\/\/ostrowskatv.pl\/wp-content\/uploads\/2018\/09\/IMG_20180923_190038-150x150.jpg\" class=\"attachment-thumbnail size-thumbnail\" alt=\"\" \/><\/a>\n\t\t\t<\/div><\/figure><figure class='gallery-item'>\n\t\t\t<div class='gallery-icon landscape'>\n\t\t\t\t<a href='https:\/\/ostrowskatv.pl\/?attachment_id=7417'><img loading=\"lazy\" decoding=\"async\" width=\"150\" height=\"150\" src=\"https:\/\/ostrowskatv.pl\/wp-content\/uploads\/2018\/09\/IMG_20180923_185958-150x150.jpg\" class=\"attachment-thumbnail size-thumbnail\" alt=\"\" \/><\/a>\n\t\t\t<\/div><\/figure>\n\t\t<\/div>\n\n","protected":false},"excerpt":{"rendered":"Podczas opadu deszczu dosz\u0142o do zderzenia dw\u00f3ch aut osobowych na skrzy\u017cowaniu ulic D\u0142uga &#8211; Odolanowska w Ostrowie Wielkopolskim. Kieruj\u0105ca Oplem Zafir\u0105, przy migaj\u0105cych \n<a class=\"moretag\" href=\"https:\/\/ostrowskatv.pl\/?p=7415\"> [...]<\/a>","protected":false},"author":1,"featured_media":7419,"comment_status":"open","ping_status":"closed","sticky":false,"template":"","format":"standard","meta":{"footnotes":""},"categories":[1],"tags":[2],"class_list":["post-7415","post","type-post","status-publish","format-standard","has-post-thumbnail","hentry","category-news","tag-ostrow-wielkopolski"],"_links":{"self":[{"href":"https:\/\/ostrowskatv.pl\/index.php?rest_route=\/wp\/v2\/posts\/7415","targetHints":{"allow":["GET"]}}],"collection":[{"href":"https:\/\/ostrowskatv.pl\/index.php?rest_route=\/wp\/v2\/posts"}],"about":[{"href":"https:\/\/ostrowskatv.pl\/index.php?rest_route=\/wp\/v2\/types\/post"}],"author":[{"embeddable":true,"href":"https:\/\/ostrowskatv.pl\/index.php?rest_route=\/wp\/v2\/users\/1"}],"replies":[{"embeddable":true,"href":"https:\/\/ostrowskatv.pl\/index.php?rest_route=%2Fwp%2Fv2%2Fcomments&post=7415"}],"version-history":[{"count":0,"href":"https:\/\/ostrowskatv.pl\/index.php?rest_route=\/wp\/v2\/posts\/7415\/revisions"}],"wp:featuredmedia":[{"embeddable":true,"href":"https:\/\/ostrowskatv.pl\/index.php?rest_route=\/wp\/v2\/media\/7419"}],"wp:attachment":[{"href":"https:\/\/ostrowskatv.pl\/index.php?rest_route=%2Fwp%2Fv2%2Fmedia&parent=7415"}],"wp:term":[{"taxonomy":"category","embeddable":true,"href":"https:\/\/ostrowskatv.pl\/index.php?rest_route=%2Fwp%2Fv2%2Fcategories&post=7415"},{"taxonomy":"post_tag","embeddable":true,"href":"https:\/\/ostrowskatv.pl\/index.php?rest_route=%2Fwp%2Fv2%2Ftags&post=7415"}],"curies":[{"name":"wp","href":"https:\/\/api.w.org\/{rel}","templated":true}]}}