{"id":7403,"date":"2018-09-22T20:41:53","date_gmt":"2018-09-22T19:41:53","guid":{"rendered":"http:\/\/ostrowska.tv\/?p=7403"},"modified":"2018-09-22T20:44:45","modified_gmt":"2018-09-22T19:44:45","slug":"pijany-spowodowal-wypadek-przy-piaskach","status":"publish","type":"post","link":"https:\/\/ostrowskatv.pl\/?p=7403","title":{"rendered":"Pijany spowodowa\u0142 wypadek przy piaskach"},"content":{"rendered":"<p><strong>Dwa ostrowianie sp\u0119dzali mi\u0142o sobotni wiecz\u00f3r. W\u0142a\u015bciciel Audi poprosi\u0142 koleg\u0119, by ten zawi\u00f3z\u0142 go do pracy. Zanim jednak przekaza\u0142 koledze kluczyki do Audi A6, pi\u0119ciokrotnie zapyta\u0142 si\u0119 go czy na pewno jest trze\u017awy. W\u0142a\u015bciciel Audi by\u0142 pijany, dlatego uwierzy\u0142 na s\u0142owo koledze, bo sam nie by\u0142 w stanie sprawdzi\u0107 na w\u0119ch prawdom\u00f3wno\u015bci kompana.<\/strong><\/p>\n<p>49-letni kierowca zdo\u0142a\u0142 przejecha\u0107 2 kilometry i pokona\u0107 niebezpieczny \u0142uk nad rzek\u0105 O\u0142obok. Dopiero na nast\u0119pnym, zaraz za Piaskami, wynios\u0142o go na przeciwny pas ruchu, gdzie zderzy\u0142 si\u0119 czo\u0142owo z Renault Lagun\u0105, w kt\u00f3rej r\u00f3wnie\u017c jecha\u0142o dw\u00f3ch m\u0119\u017cczyzn. Ju\u017c od pocz\u0105tku czu\u0107 by\u0142o wysokie st\u0119\u017cenie alkoholu od pan\u00f3w z Audi. Badanie alkomatem wykaza\u0142o, \u017ce uczynny kolega prowadzi\u0142 auto maj\u0105c 3,3 promila. W\u0142a\u015bciciel auta nie m\u00f3g\u0142 uwierzy\u0107 jak kolega m\u00f3g\u0142 go ok\u0142ama\u0107 nt. stanu swojej trze\u017awo\u015bci. Sam zreszt\u0105 po chwili zosta\u0142by potr\u0105cony przez przeje\u017cd\u017caj\u0105cy pojazd, ale w ostatniej chwili zosta\u0142 uratowany przez osob\u0119 postronn\u0105.<\/p>\n<p>Pijany kierowca sp\u0119dzi noc na policyjnej izbie zatrzyma\u0144, gdzie po wytrze\u017awieniu us\u0142yszy zarzut spowodowania kolizji pod wp\u0142ywem alkoholu. Prawdopodobnie nie mia\u0142 uprawnie\u0144 od ponad 15 lat, r\u00f3wnie\u017c za jazd\u0119 pod wp\u0142ywem alkoholu.<\/p>\n<p>Nietrze\u017awy w\u0142a\u015bciciel auta zosta\u0142, dzi\u0119ki uprzejmo\u015bci policjant\u00f3w, odwieziony do domu, poniewa\u017c jego utrzymywanie r\u00f3wnowagi pozostawia\u0142o wiele do \u017cyczenia. Tradycyjnie w aucie z pijanym kierowc\u0105 znajdowa\u0142y si\u0119 opakowania po butelkach z alkoholem.<\/p>\n<div id='gallery-1' class='gallery galleryid-7403 gallery-columns-3 gallery-size-thumbnail'><figure class='gallery-item'>\n\t\t\t<div class='gallery-icon landscape'>\n\t\t\t\t<a href='https:\/\/ostrowskatv.pl\/?attachment_id=7405'><img loading=\"lazy\" decoding=\"async\" width=\"150\" height=\"150\" src=\"https:\/\/ostrowskatv.pl\/wp-content\/uploads\/2018\/09\/IMG_20180922_203745-150x150.jpg\" class=\"attachment-thumbnail size-thumbnail\" alt=\"\" \/><\/a>\n\t\t\t<\/div><\/figure><figure class='gallery-item'>\n\t\t\t<div class='gallery-icon portrait'>\n\t\t\t\t<a href='https:\/\/ostrowskatv.pl\/?attachment_id=7404'><img loading=\"lazy\" decoding=\"async\" width=\"150\" height=\"150\" src=\"https:\/\/ostrowskatv.pl\/wp-content\/uploads\/2018\/09\/IMG_20180922_203626-150x150.jpg\" class=\"attachment-thumbnail size-thumbnail\" alt=\"\" \/><\/a>\n\t\t\t<\/div><\/figure><figure class='gallery-item'>\n\t\t\t<div class='gallery-icon landscape'>\n\t\t\t\t<a href='https:\/\/ostrowskatv.pl\/?attachment_id=7409'><img loading=\"lazy\" decoding=\"async\" width=\"150\" height=\"150\" src=\"https:\/\/ostrowskatv.pl\/wp-content\/uploads\/2018\/09\/IMG_20180922_203314-150x150.jpg\" class=\"attachment-thumbnail size-thumbnail\" alt=\"\" \/><\/a>\n\t\t\t<\/div><\/figure><figure class='gallery-item'>\n\t\t\t<div class='gallery-icon landscape'>\n\t\t\t\t<a href='https:\/\/ostrowskatv.pl\/?attachment_id=7407'><img loading=\"lazy\" decoding=\"async\" width=\"150\" height=\"150\" src=\"https:\/\/ostrowskatv.pl\/wp-content\/uploads\/2018\/09\/IMG_20180922_203345-150x150.jpg\" class=\"attachment-thumbnail size-thumbnail\" alt=\"\" \/><\/a>\n\t\t\t<\/div><\/figure><figure class='gallery-item'>\n\t\t\t<div class='gallery-icon landscape'>\n\t\t\t\t<a href='https:\/\/ostrowskatv.pl\/?attachment_id=7406'><img loading=\"lazy\" decoding=\"async\" width=\"150\" height=\"150\" src=\"https:\/\/ostrowskatv.pl\/wp-content\/uploads\/2018\/09\/IMG_20180922_203336-150x150.jpg\" class=\"attachment-thumbnail size-thumbnail\" alt=\"\" \/><\/a>\n\t\t\t<\/div><\/figure><figure class='gallery-item'>\n\t\t\t<div class='gallery-icon landscape'>\n\t\t\t\t<a href='https:\/\/ostrowskatv.pl\/?attachment_id=7408'><img loading=\"lazy\" decoding=\"async\" width=\"150\" height=\"150\" src=\"https:\/\/ostrowskatv.pl\/wp-content\/uploads\/2018\/09\/IMG_20180922_203413-150x150.jpg\" class=\"attachment-thumbnail size-thumbnail\" alt=\"\" \/><\/a>\n\t\t\t<\/div><\/figure>\n\t\t<\/div>\n\n","protected":false},"excerpt":{"rendered":"Dwa ostrowianie sp\u0119dzali mi\u0142o sobotni wiecz\u00f3r. W\u0142a\u015bciciel Audi poprosi\u0142 koleg\u0119, by ten zawi\u00f3z\u0142 go do pracy. Zanim jednak przekaza\u0142 koledze kluczyki do Audi \n<a class=\"moretag\" href=\"https:\/\/ostrowskatv.pl\/?p=7403\"> [...]<\/a>","protected":false},"author":1,"featured_media":7405,"comment_status":"open","ping_status":"closed","sticky":false,"template":"","format":"standard","meta":{"footnotes":""},"categories":[1],"tags":[2],"class_list":["post-7403","post","type-post","status-publish","format-standard","has-post-thumbnail","hentry","category-news","tag-ostrow-wielkopolski"],"_links":{"self":[{"href":"https:\/\/ostrowskatv.pl\/index.php?rest_route=\/wp\/v2\/posts\/7403","targetHints":{"allow":["GET"]}}],"collection":[{"href":"https:\/\/ostrowskatv.pl\/index.php?rest_route=\/wp\/v2\/posts"}],"about":[{"href":"https:\/\/ostrowskatv.pl\/index.php?rest_route=\/wp\/v2\/types\/post"}],"author":[{"embeddable":true,"href":"https:\/\/ostrowskatv.pl\/index.php?rest_route=\/wp\/v2\/users\/1"}],"replies":[{"embeddable":true,"href":"https:\/\/ostrowskatv.pl\/index.php?rest_route=%2Fwp%2Fv2%2Fcomments&post=7403"}],"version-history":[{"count":0,"href":"https:\/\/ostrowskatv.pl\/index.php?rest_route=\/wp\/v2\/posts\/7403\/revisions"}],"wp:featuredmedia":[{"embeddable":true,"href":"https:\/\/ostrowskatv.pl\/index.php?rest_route=\/wp\/v2\/media\/7405"}],"wp:attachment":[{"href":"https:\/\/ostrowskatv.pl\/index.php?rest_route=%2Fwp%2Fv2%2Fmedia&parent=7403"}],"wp:term":[{"taxonomy":"category","embeddable":true,"href":"https:\/\/ostrowskatv.pl\/index.php?rest_route=%2Fwp%2Fv2%2Fcategories&post=7403"},{"taxonomy":"post_tag","embeddable":true,"href":"https:\/\/ostrowskatv.pl\/index.php?rest_route=%2Fwp%2Fv2%2Ftags&post=7403"}],"curies":[{"name":"wp","href":"https:\/\/api.w.org\/{rel}","templated":true}]}}