{"id":74,"date":"2015-12-24T14:35:01","date_gmt":"2015-12-24T13:35:01","guid":{"rendered":"http:\/\/ostrowska.tv\/?p=74"},"modified":"2015-12-24T14:35:01","modified_gmt":"2015-12-24T13:35:01","slug":"jak-spedza-swieta-i-sylwestra-beata-klimek","status":"publish","type":"post","link":"https:\/\/ostrowskatv.pl\/?p=74","title":{"rendered":"Jak sp\u0119dza \u015awi\u0119ta i Sylwestra Beata Klimek?"},"content":{"rendered":"<p><strong>Jak \u0142\u0105czy zawodowe obowi\u0105zki z przygotowaniami do \u015awi\u0105t Bo\u017cego Narodzenia, jak wygl\u0105da Wigilia, a tak\u017ce jak zamierza sp\u0119dzi\u0107 Sylwestra. Na te pytania odpowiada Beata Klimek, Prezydent Ostrowa Wlkp.<\/strong><\/p>\n<div style=\"width: 640px;\" class=\"wp-video\"><video class=\"wp-video-shortcode\" id=\"video-74-1\" width=\"640\" height=\"360\" preload=\"metadata\" controls=\"controls\"><source type=\"video\/mp4\" src=\"http:\/\/ostrowska.tv\/wp-content\/uploads\/2015\/12\/zyczenia-klimek.mp4?_=1\" \/><a href=\"http:\/\/ostrowska.tv\/wp-content\/uploads\/2015\/12\/zyczenia-klimek.mp4\">http:\/\/ostrowska.tv\/wp-content\/uploads\/2015\/12\/zyczenia-klimek.mp4<\/a><\/video><\/div>\n","protected":false},"excerpt":{"rendered":"Jak \u0142\u0105czy zawodowe obowi\u0105zki z przygotowaniami do \u015awi\u0105t Bo\u017cego Narodzenia, jak wygl\u0105da Wigilia, a tak\u017ce jak zamierza sp\u0119dzi\u0107 Sylwestra. Na te pytania odpowiada \n<a class=\"moretag\" href=\"https:\/\/ostrowskatv.pl\/?p=74\"> [...]<\/a>","protected":false},"author":1,"featured_media":76,"comment_status":"open","ping_status":"open","sticky":false,"template":"","format":"standard","meta":{"footnotes":""},"categories":[1],"tags":[15],"class_list":["post-74","post","type-post","status-publish","format-standard","has-post-thumbnail","hentry","category-news","tag-zyczenia"],"_links":{"self":[{"href":"https:\/\/ostrowskatv.pl\/index.php?rest_route=\/wp\/v2\/posts\/74","targetHints":{"allow":["GET"]}}],"collection":[{"href":"https:\/\/ostrowskatv.pl\/index.php?rest_route=\/wp\/v2\/posts"}],"about":[{"href":"https:\/\/ostrowskatv.pl\/index.php?rest_route=\/wp\/v2\/types\/post"}],"author":[{"embeddable":true,"href":"https:\/\/ostrowskatv.pl\/index.php?rest_route=\/wp\/v2\/users\/1"}],"replies":[{"embeddable":true,"href":"https:\/\/ostrowskatv.pl\/index.php?rest_route=%2Fwp%2Fv2%2Fcomments&post=74"}],"version-history":[{"count":0,"href":"https:\/\/ostrowskatv.pl\/index.php?rest_route=\/wp\/v2\/posts\/74\/revisions"}],"wp:featuredmedia":[{"embeddable":true,"href":"https:\/\/ostrowskatv.pl\/index.php?rest_route=\/wp\/v2\/media\/76"}],"wp:attachment":[{"href":"https:\/\/ostrowskatv.pl\/index.php?rest_route=%2Fwp%2Fv2%2Fmedia&parent=74"}],"wp:term":[{"taxonomy":"category","embeddable":true,"href":"https:\/\/ostrowskatv.pl\/index.php?rest_route=%2Fwp%2Fv2%2Fcategories&post=74"},{"taxonomy":"post_tag","embeddable":true,"href":"https:\/\/ostrowskatv.pl\/index.php?rest_route=%2Fwp%2Fv2%2Ftags&post=74"}],"curies":[{"name":"wp","href":"https:\/\/api.w.org\/{rel}","templated":true}]}}