{"id":7390,"date":"2018-09-20T18:42:36","date_gmt":"2018-09-20T17:42:36","guid":{"rendered":"http:\/\/ostrowska.tv\/?p=7390"},"modified":"2018-09-20T18:45:43","modified_gmt":"2018-09-20T17:45:43","slug":"grzeszczyk","status":"publish","type":"post","link":"https:\/\/ostrowskatv.pl\/?p=7390","title":{"rendered":"Kandydat Grzeszczyk o niepe\u0142nosprawnych. Urbaniak by\u0142 zdziwiony"},"content":{"rendered":"<p><strong>Troje kandydat\u00f3w ostro wesz\u0142o w merytoryczn\u0105 faz\u0119 kampanii prezydenckiej w naszym mie\u015bcie. Czasami zdarzaj\u0105 si\u0119 wi\u0119ksze lub mniejsze wpadki. W tegorocznej kampanii w gafach zdecydowanie przoduje Damian Grzeszczyk, kandydat popierany przez Platform\u0119 Obywatelsk\u0105 i .Nowoczesn\u0105. Pole do popisu znalaz\u0142 w programie dla niepe\u0142nosprawnych.<\/strong><\/p>\n<p>Jak ju\u017c wiadomo, zdaniem Damiana Grzeszczyka &#8222;Niepe\u0142nosprawno\u015b\u0107 to zdrowie&#8221;. Na konferencj\u0119 przeznaczon\u0105 tej tematyce zaprosi\u0142 dwoje przedstawicieli tego \u015brodowiska. Pan Piotr Pierzcha\u0142a zmuszony jest porusza\u0107 si\u0119 w\u00f3zkiem inwalidzkim, natomiast Anna Garczarek ma c\u00f3rk\u0119 wymagaj\u0105c\u0105 sta\u0142ej opieki z uwagi na jej niepe\u0142nosprawno\u015b\u0107. Ta Pani wyst\u0105pi\u0142a na sesji rady miejskiej pod koniec kadencji Jaros\u0142awa Urbaniaka. Opowiedzia\u0142a wstrz\u0105saj\u0105c\u0105 histori\u0119 nt. tego jak potraktowano jak za czas\u00f3w Urbaniaka w MZGM. Jak przez 8 lat nie mog\u0142a doczeka\u0107 si\u0119 mieszkania na parterze, by m\u00f3c wychodzi\u0107 z c\u00f3rk\u0105 na spacery. C\u00f3rk\u0105 by\u0142a wi\u0119\u017aniem 3. pi\u0119tra.<\/p>\n<p><a href=\"http:\/\/WYST\u0104PIENIE ANNY GARCZAREK\">http:\/\/www.ostrow24.tv\/news\/70903-szok-zawiedli-matke-niepelnosprawna-corka.html<\/a><\/p>\n<p>Obecno\u015bci\u0105 Anny Garczarek by\u0142 wyra\u017anie zszokowany Jaros\u0142aw Urbaniak, co wyra\u017anie wida\u0107 na poni\u017cszym zdj\u0119ciu:<\/p>\n<p><img loading=\"lazy\" decoding=\"async\" class=\"alignnone size-full wp-image-7391\" src=\"http:\/\/ostrowska.tv\/wp-content\/uploads\/2018\/09\/urbaniak.jpg\" alt=\"\" width=\"333\" height=\"440\" srcset=\"https:\/\/ostrowskatv.pl\/wp-content\/uploads\/2018\/09\/urbaniak.jpg 333w, https:\/\/ostrowskatv.pl\/wp-content\/uploads\/2018\/09\/urbaniak-227x300.jpg 227w, https:\/\/ostrowskatv.pl\/wp-content\/uploads\/2018\/09\/urbaniak-272x360.jpg 272w\" sizes=\"auto, (max-width: 333px) 100vw, 333px\" \/><\/p>\n<p>Po cz\u0119\u015bci wst\u0119pnej, redaktor Jaros\u0142aw Wardawy zapyta\u0142 si\u0119 zaproszonych go\u015bci jak oceniaj\u0105 minion\u0105 kadencj\u0119. Piotr Pierzcha\u0142a, inwalida, stwierdzi\u0142, \u017ce:<\/p>\n<p>&#8211; Mia\u0142em okazj\u0119 poje\u017adzi\u0107 (w\u00f3zkiem &#8211; red.) po Ostrowie. Dla mnie przez tyle lat bariery praktycznie przesta\u0142y istnie\u0107. Jest bardzo du\u017co zrobione. Ostatnie tematy, kt\u00f3re zg\u0142asza\u0142em na spotkaniu, s\u0105 w miar\u0119 mo\u017cliwo\u015bci robione. Mo\u017cna by jeszcze troch\u0119 rzeczy poprawi\u0107, ale nie wszystko da si\u0119 zrobi\u0107 od razu.<\/p>\n<p>Kiedy kandydat Grzeszczyk powiedzia\u0142, \u017ce &#8222;Zamierzeniem naszym jest by hostel i centrum rehabilitacji po\u0142\u0105czy\u0107.&#8221; spotka\u0142 si\u0119 z krytyk\u0105 tego pomys\u0142u ze strony przedstawicieli \u015brodowiska niepe\u0142nosprawnych. &#8211; To nie jest te\u017c dobry pomys\u0142 &#8211; powiedzieli i kpi\u0105co podsumowali pomys\u0142 kandydata.<\/p>\n<p>Pani Anna Garczarek powiedzia\u0142a na koniec, \u017ce &#8222;Wojna trwa\u0142a 8 lat, mieszka\u0142y\u015bmy na 3. pi\u0119trze. C\u00f3rka zje\u017cd\u017ca\u0142a tylko w sobot\u0119 i niedziel\u0119. Tak nie mo\u017ce by\u0107. To nie mo\u017ce si\u0119 odbywa\u0107 latami.&#8221;<\/p>\n<p>Radna Magdalena Kajewska z PO chcia\u0142a b\u0142ysn\u0105\u0107, przytakn\u0119\u0142a matce niepe\u0142nosprawnej i og\u0142osi\u0142a, \u017ce wszystkie mieszkania, kt\u00f3re s\u0105 w zasobach Miejskiego Zak\u0142adu Gospodarki KOMUNALNEJ (prawid\u0142owo: MIESZKANIOWEJ &#8211; przyp. red.) powinny by\u0107 przystosowane.<\/p>\n<p>Kandydaci pr\u00f3buj\u0105 przekona\u0107 do siebie grupy wyborc\u00f3w. Damian Grzeszczyk po\u015bwi\u0119caj\u0105c specjaln\u0105 konferencj\u0119 niepe\u0142nosprawnym sam zauwa\u017cy\u0142, \u017ce mamy ich w Ostrowie a\u017c 7 tysi\u0119cy.<\/p>\n","protected":false},"excerpt":{"rendered":"Troje kandydat\u00f3w ostro wesz\u0142o w merytoryczn\u0105 faz\u0119 kampanii prezydenckiej w naszym mie\u015bcie. Czasami zdarzaj\u0105 si\u0119 wi\u0119ksze lub mniejsze wpadki. W tegorocznej kampanii w \n<a class=\"moretag\" href=\"https:\/\/ostrowskatv.pl\/?p=7390\"> [...]<\/a>","protected":false},"author":1,"featured_media":7392,"comment_status":"open","ping_status":"closed","sticky":false,"template":"","format":"standard","meta":{"footnotes":""},"categories":[1],"tags":[2],"class_list":["post-7390","post","type-post","status-publish","format-standard","has-post-thumbnail","hentry","category-news","tag-ostrow-wielkopolski"],"_links":{"self":[{"href":"https:\/\/ostrowskatv.pl\/index.php?rest_route=\/wp\/v2\/posts\/7390","targetHints":{"allow":["GET"]}}],"collection":[{"href":"https:\/\/ostrowskatv.pl\/index.php?rest_route=\/wp\/v2\/posts"}],"about":[{"href":"https:\/\/ostrowskatv.pl\/index.php?rest_route=\/wp\/v2\/types\/post"}],"author":[{"embeddable":true,"href":"https:\/\/ostrowskatv.pl\/index.php?rest_route=\/wp\/v2\/users\/1"}],"replies":[{"embeddable":true,"href":"https:\/\/ostrowskatv.pl\/index.php?rest_route=%2Fwp%2Fv2%2Fcomments&post=7390"}],"version-history":[{"count":0,"href":"https:\/\/ostrowskatv.pl\/index.php?rest_route=\/wp\/v2\/posts\/7390\/revisions"}],"wp:featuredmedia":[{"embeddable":true,"href":"https:\/\/ostrowskatv.pl\/index.php?rest_route=\/wp\/v2\/media\/7392"}],"wp:attachment":[{"href":"https:\/\/ostrowskatv.pl\/index.php?rest_route=%2Fwp%2Fv2%2Fmedia&parent=7390"}],"wp:term":[{"taxonomy":"category","embeddable":true,"href":"https:\/\/ostrowskatv.pl\/index.php?rest_route=%2Fwp%2Fv2%2Fcategories&post=7390"},{"taxonomy":"post_tag","embeddable":true,"href":"https:\/\/ostrowskatv.pl\/index.php?rest_route=%2Fwp%2Fv2%2Ftags&post=7390"}],"curies":[{"name":"wp","href":"https:\/\/api.w.org\/{rel}","templated":true}]}}