{"id":729,"date":"2016-04-05T13:56:44","date_gmt":"2016-04-05T12:56:44","guid":{"rendered":"http:\/\/ostrowska.tv\/?p=729"},"modified":"2016-04-05T13:56:44","modified_gmt":"2016-04-05T12:56:44","slug":"porazka-miasto-moze-stracic-szanse-na-duza-kase","status":"publish","type":"post","link":"https:\/\/ostrowskatv.pl\/?p=729","title":{"rendered":"Pora\u017cka? Miasto mo\u017ce straci\u0107 szans\u0119 na du\u017c\u0105 kas\u0119"},"content":{"rendered":"<p><strong>Ostr\u00f3w Wielkopolski z\u0142o\u017cy\u0142 wniosek w konkursie &#8222;Modelowa Rewitalizacja Miast&#8221; organizowanym przez Ministerstwo Rozwoju. W\u0142adze naszego miasta wnioskowa\u0142y o 1 343 430 z\u0142, ale na razie s\u0105 poza dwudziestk\u0105 o\u015brodk\u00f3w, kt\u00f3re b\u0119d\u0105 mog\u0142y liczy\u0107 na wsparcie.<\/strong><\/p>\n<p>W drugim etapie konkursu \u041codelowa Rewitalizacja Miast spo\u015br\u00f3d 57 wniosk\u00f3w wybrano 20 projekt\u00f3w. Ostr\u00f3w zaj\u0105\u0142 22 miejsce. Oferta naszego miasta nie spotka\u0142a si\u0119 z odpowiednim uznaniem ze strony ministerstwa i uzyska\u0142a 473 punkty. Teoretycznie ju\u017c teraz mo\u017cna m\u00f3wi\u0107 by o pora\u017cce. Nale\u017cy jednak doda\u0107, \u017ce teoretycznie nie wszystko jest jeszcze przegrane. Dlaczego?<\/p>\n<blockquote><p>&#8211; Pula \u015brodk\u00f3w finansowych\u00a0 przeznaczonych na sfinansowanie um\u00f3w dotacji (wybranych do dofinansowania podczas II etapu konkursu) w ramach ca\u0142ego konkursu wynosi 70 mln z\u0142otych. Suma dotacji miast, kt\u00f3re na dzisiaj znajduj\u0105 si\u0119 w zwyci\u0119skiej 20 wynosi 43,7 mln z\u0142otych. Zatem nie zosta\u0142o przyznanych jeszcze 26,3 mln z\u0142otych. Liczymy zatem na to, \u017ce ministerstwo przychylnie spojrzy na pozosta\u0142e, r\u00f3wnie\u017c bardzo dobre projekty. Nale\u017cy jednak pami\u0119ta\u0107, \u017ce wed\u0142ug regulaminu konkursu dotacji &#8222;Modelowa Rewitalizacja Miast&#8221;, stanowisko Komisji Konkursowej dotycz\u0105ce listy wybranych fiszek jest ostateczne i nie przys\u0142uguje od niego odwo\u0142anie &#8211; wyja\u015bnia Artur Ko\u0142aci\u0144ski z Biura Prasowego Urz\u0119du Miejskiego w Ostrowie Wielkopolskim.<\/p><\/blockquote>\n<p>Na razie nie wiemy, kiedy zapadn\u0105 ostateczne decyzje w tej sprawie. Z ca\u0142\u0105 pewno\u015bci\u0105 b\u0119dziemy jednak uwa\u017cnie si\u0119 jej przygl\u0105da\u0107.<\/p>\n","protected":false},"excerpt":{"rendered":"Ostr\u00f3w Wielkopolski z\u0142o\u017cy\u0142 wniosek w konkursie &#8222;Modelowa Rewitalizacja Miast&#8221; organizowanym przez Ministerstwo Rozwoju. W\u0142adze naszego miasta wnioskowa\u0142y o 1 343 430 z\u0142, ale \n<a class=\"moretag\" href=\"https:\/\/ostrowskatv.pl\/?p=729\"> [...]<\/a>","protected":false},"author":1,"featured_media":730,"comment_status":"open","ping_status":"open","sticky":false,"template":"","format":"standard","meta":{"footnotes":""},"categories":[1],"tags":[77],"class_list":["post-729","post","type-post","status-publish","format-standard","has-post-thumbnail","hentry","category-news","tag-rewitalizacja"],"_links":{"self":[{"href":"https:\/\/ostrowskatv.pl\/index.php?rest_route=\/wp\/v2\/posts\/729","targetHints":{"allow":["GET"]}}],"collection":[{"href":"https:\/\/ostrowskatv.pl\/index.php?rest_route=\/wp\/v2\/posts"}],"about":[{"href":"https:\/\/ostrowskatv.pl\/index.php?rest_route=\/wp\/v2\/types\/post"}],"author":[{"embeddable":true,"href":"https:\/\/ostrowskatv.pl\/index.php?rest_route=\/wp\/v2\/users\/1"}],"replies":[{"embeddable":true,"href":"https:\/\/ostrowskatv.pl\/index.php?rest_route=%2Fwp%2Fv2%2Fcomments&post=729"}],"version-history":[{"count":0,"href":"https:\/\/ostrowskatv.pl\/index.php?rest_route=\/wp\/v2\/posts\/729\/revisions"}],"wp:featuredmedia":[{"embeddable":true,"href":"https:\/\/ostrowskatv.pl\/index.php?rest_route=\/wp\/v2\/media\/730"}],"wp:attachment":[{"href":"https:\/\/ostrowskatv.pl\/index.php?rest_route=%2Fwp%2Fv2%2Fmedia&parent=729"}],"wp:term":[{"taxonomy":"category","embeddable":true,"href":"https:\/\/ostrowskatv.pl\/index.php?rest_route=%2Fwp%2Fv2%2Fcategories&post=729"},{"taxonomy":"post_tag","embeddable":true,"href":"https:\/\/ostrowskatv.pl\/index.php?rest_route=%2Fwp%2Fv2%2Ftags&post=729"}],"curies":[{"name":"wp","href":"https:\/\/api.w.org\/{rel}","templated":true}]}}