{"id":714,"date":"2016-04-02T15:40:00","date_gmt":"2016-04-02T14:40:00","guid":{"rendered":"http:\/\/ostrowska.tv\/?p=714"},"modified":"2016-04-02T15:41:36","modified_gmt":"2016-04-02T14:41:36","slug":"zmasakrowalo-stope-wypadek-na-polu","status":"publish","type":"post","link":"https:\/\/ostrowskatv.pl\/?p=714","title":{"rendered":"Zmasakrowa\u0142o stop\u0119 &#8211; wypadek na polu"},"content":{"rendered":"<p><strong>W sobot\u0119 po godzinie 15:00 dosz\u0142o do wypadku przy pracach na polu. Oko\u0142o 30-letni m\u0119\u017cczyzna, mieszkaniec powiatu ostrowskiego, wraz z trzema m\u0119\u017cczyznami rozsiewali naw\u00f3z na jednym z p\u00f3l zlokalizowanych przy ul. Wylotowej w Ostrowie Wlkp. Nagle maszyna doczepiona do ci\u0105gnika rolniczego zablokowa\u0142a si\u0119. M\u0119\u017cczyzna postanowi\u0142 zdj\u0105\u0107 siatk\u0119 os\u0142aniaj\u0105c\u0105 i spr\u00f3bowa\u0107 udro\u017cni\u0107 zator. Gdy stan\u0105\u0142 na pojemniku, jedna z n\u00f3g mu si\u0119 osun\u0119\u0142a i dosta\u0142a do \u015brodka. Tam niestety dosz\u0142o od rozerwania stopy od g\u00f3ry. Na miejscu dosz\u0142o do cz\u0119\u015bciowej amputacji stopy. Lekarze zdecyduj\u0105 na ile uda si\u0119 uratowa\u0107 pozosta\u0142\u0105 jej cz\u0119\u015b\u0107. M\u0119\u017cczyzn\u0119 z pola przetransportowano ci\u0105gnikiem do miejsca zaparkowania karetki. Wszyscy obecni byli trze\u017awi.<br \/>\n<\/strong><\/p>\n<p>Z uwagi na rozpocz\u0119ty sezon prac rolniczych apelujemy o ostro\u017cno\u015b\u0107. Co roku, nawet na terenie powiatu ostrowskiego, dochodzi do wypadk\u00f3w, w kt\u00f3rych rolnicy trac\u0105 r\u0119ce czy nogi. A te jak wiemy s\u0105 nam w \u017cyciu bardzo potrzebne.<\/p>\n<div id='gallery-1' class='gallery galleryid-714 gallery-columns-3 gallery-size-thumbnail'><figure class='gallery-item'>\n\t\t\t<div class='gallery-icon landscape'>\n\t\t\t\t<a href='https:\/\/ostrowskatv.pl\/?attachment_id=715'><img loading=\"lazy\" decoding=\"async\" width=\"150\" height=\"150\" src=\"https:\/\/ostrowskatv.pl\/wp-content\/uploads\/2016\/04\/pole-wiatraki-wypadek-00-150x150.jpg\" class=\"attachment-thumbnail size-thumbnail\" alt=\"\" \/><\/a>\n\t\t\t<\/div><\/figure><figure class='gallery-item'>\n\t\t\t<div class='gallery-icon landscape'>\n\t\t\t\t<a href='https:\/\/ostrowskatv.pl\/?attachment_id=716'><img loading=\"lazy\" decoding=\"async\" width=\"150\" height=\"150\" src=\"https:\/\/ostrowskatv.pl\/wp-content\/uploads\/2016\/04\/pole-wiatraki-wypadek-01-150x150.jpg\" class=\"attachment-thumbnail size-thumbnail\" alt=\"\" \/><\/a>\n\t\t\t<\/div><\/figure><figure class='gallery-item'>\n\t\t\t<div class='gallery-icon landscape'>\n\t\t\t\t<a href='https:\/\/ostrowskatv.pl\/?attachment_id=717'><img loading=\"lazy\" decoding=\"async\" width=\"150\" height=\"150\" src=\"https:\/\/ostrowskatv.pl\/wp-content\/uploads\/2016\/04\/pole-wiatraki-wypadek-02-150x150.jpg\" class=\"attachment-thumbnail size-thumbnail\" alt=\"\" \/><\/a>\n\t\t\t<\/div><\/figure><figure class='gallery-item'>\n\t\t\t<div class='gallery-icon portrait'>\n\t\t\t\t<a href='https:\/\/ostrowskatv.pl\/?attachment_id=720'><img loading=\"lazy\" decoding=\"async\" width=\"150\" height=\"150\" src=\"https:\/\/ostrowskatv.pl\/wp-content\/uploads\/2016\/04\/pole-wiatraki-wypadek-07-150x150.jpg\" class=\"attachment-thumbnail size-thumbnail\" alt=\"\" \/><\/a>\n\t\t\t<\/div><\/figure><figure class='gallery-item'>\n\t\t\t<div class='gallery-icon portrait'>\n\t\t\t\t<a href='https:\/\/ostrowskatv.pl\/?attachment_id=719'><img loading=\"lazy\" decoding=\"async\" width=\"150\" height=\"150\" src=\"https:\/\/ostrowskatv.pl\/wp-content\/uploads\/2016\/04\/pole-wiatraki-wypadek-04-150x150.jpg\" class=\"attachment-thumbnail size-thumbnail\" alt=\"\" \/><\/a>\n\t\t\t<\/div><\/figure><figure class='gallery-item'>\n\t\t\t<div class='gallery-icon landscape'>\n\t\t\t\t<a href='https:\/\/ostrowskatv.pl\/?attachment_id=718'><img loading=\"lazy\" decoding=\"async\" width=\"150\" height=\"150\" src=\"https:\/\/ostrowskatv.pl\/wp-content\/uploads\/2016\/04\/pole-wiatraki-wypadek-03-150x150.jpg\" class=\"attachment-thumbnail size-thumbnail\" alt=\"\" \/><\/a>\n\t\t\t<\/div><\/figure>\n\t\t<\/div>\n\n","protected":false},"excerpt":{"rendered":"W sobot\u0119 po godzinie 15:00 dosz\u0142o do wypadku przy pracach na polu. Oko\u0142o 30-letni m\u0119\u017cczyzna, mieszkaniec powiatu ostrowskiego, wraz z trzema m\u0119\u017cczyznami rozsiewali \n<a class=\"moretag\" href=\"https:\/\/ostrowskatv.pl\/?p=714\"> [...]<\/a>","protected":false},"author":1,"featured_media":715,"comment_status":"open","ping_status":"open","sticky":false,"template":"","format":"standard","meta":{"footnotes":""},"categories":[1],"tags":[2],"class_list":["post-714","post","type-post","status-publish","format-standard","has-post-thumbnail","hentry","category-news","tag-ostrow-wielkopolski"],"_links":{"self":[{"href":"https:\/\/ostrowskatv.pl\/index.php?rest_route=\/wp\/v2\/posts\/714","targetHints":{"allow":["GET"]}}],"collection":[{"href":"https:\/\/ostrowskatv.pl\/index.php?rest_route=\/wp\/v2\/posts"}],"about":[{"href":"https:\/\/ostrowskatv.pl\/index.php?rest_route=\/wp\/v2\/types\/post"}],"author":[{"embeddable":true,"href":"https:\/\/ostrowskatv.pl\/index.php?rest_route=\/wp\/v2\/users\/1"}],"replies":[{"embeddable":true,"href":"https:\/\/ostrowskatv.pl\/index.php?rest_route=%2Fwp%2Fv2%2Fcomments&post=714"}],"version-history":[{"count":0,"href":"https:\/\/ostrowskatv.pl\/index.php?rest_route=\/wp\/v2\/posts\/714\/revisions"}],"wp:featuredmedia":[{"embeddable":true,"href":"https:\/\/ostrowskatv.pl\/index.php?rest_route=\/wp\/v2\/media\/715"}],"wp:attachment":[{"href":"https:\/\/ostrowskatv.pl\/index.php?rest_route=%2Fwp%2Fv2%2Fmedia&parent=714"}],"wp:term":[{"taxonomy":"category","embeddable":true,"href":"https:\/\/ostrowskatv.pl\/index.php?rest_route=%2Fwp%2Fv2%2Fcategories&post=714"},{"taxonomy":"post_tag","embeddable":true,"href":"https:\/\/ostrowskatv.pl\/index.php?rest_route=%2Fwp%2Fv2%2Ftags&post=714"}],"curies":[{"name":"wp","href":"https:\/\/api.w.org\/{rel}","templated":true}]}}