{"id":7126,"date":"2018-09-02T12:12:31","date_gmt":"2018-09-02T11:12:31","guid":{"rendered":"http:\/\/ostrowska.tv\/?p=7126"},"modified":"2018-09-02T12:12:38","modified_gmt":"2018-09-02T11:12:38","slug":"zderzenie-na-obwodnicy-ostrowa","status":"publish","type":"post","link":"https:\/\/ostrowskatv.pl\/?p=7126","title":{"rendered":"Zderzenie na obwodnicy Ostrowa"},"content":{"rendered":"<p><strong>Na obwodnicy Ostrowa Wielkopolskiego zderzy\u0142y si\u0119 dwa samochody osobowe. W ty\u0142 Fiata Marea wjecha\u0142a Skoda Fabia. Autami podr\u00f3\u017cowa\u0142o 6 os\u00f3b. <\/strong><\/p>\n<p>Do zdarzenia dosz\u0142o o godzinie 11:00 na wysoko\u015bci wiaduktu w Karskach. Kierowca Skody zacz\u0105\u0142 gwa\u0142townie hamowa\u0107 po czym uderzy\u0142 w ty\u0142 Fiata, kt\u00f3rym podr\u00f3\u017cowa\u0142y dwie kobiety i 13 i 16-latkowie.<\/p>\n<p>Uczestnicy zdarzenia wyszli z kolizji bez wi\u0119kszy\u0144 obra\u017ce\u0144.<\/p>\n<div id='gallery-1' class='gallery galleryid-7126 gallery-columns-3 gallery-size-thumbnail'><figure class='gallery-item'>\n\t\t\t<div class='gallery-icon landscape'>\n\t\t\t\t<a href='https:\/\/ostrowskatv.pl\/?attachment_id=7127'><img loading=\"lazy\" decoding=\"async\" width=\"150\" height=\"150\" src=\"https:\/\/ostrowskatv.pl\/wp-content\/uploads\/2018\/09\/obwkol2-150x150.jpeg\" class=\"attachment-thumbnail size-thumbnail\" alt=\"\" \/><\/a>\n\t\t\t<\/div><\/figure><figure class='gallery-item'>\n\t\t\t<div class='gallery-icon landscape'>\n\t\t\t\t<a href='https:\/\/ostrowskatv.pl\/?attachment_id=7128'><img loading=\"lazy\" decoding=\"async\" width=\"150\" height=\"150\" src=\"https:\/\/ostrowskatv.pl\/wp-content\/uploads\/2018\/09\/obwkol01-150x150.jpeg\" class=\"attachment-thumbnail size-thumbnail\" alt=\"\" \/><\/a>\n\t\t\t<\/div><\/figure><figure class='gallery-item'>\n\t\t\t<div class='gallery-icon landscape'>\n\t\t\t\t<a href='https:\/\/ostrowskatv.pl\/?attachment_id=7129'><img loading=\"lazy\" decoding=\"async\" width=\"150\" height=\"150\" src=\"https:\/\/ostrowskatv.pl\/wp-content\/uploads\/2018\/09\/obwkol3-150x150.jpg\" class=\"attachment-thumbnail size-thumbnail\" alt=\"\" \/><\/a>\n\t\t\t<\/div><\/figure>\n\t\t<\/div>\n\n","protected":false},"excerpt":{"rendered":"Na obwodnicy Ostrowa Wielkopolskiego zderzy\u0142y si\u0119 dwa samochody osobowe. W ty\u0142 Fiata Marea wjecha\u0142a Skoda Fabia. Autami podr\u00f3\u017cowa\u0142o 6 os\u00f3b. Do zdarzenia dosz\u0142o \n<a class=\"moretag\" href=\"https:\/\/ostrowskatv.pl\/?p=7126\"> [...]<\/a>","protected":false},"author":1,"featured_media":7128,"comment_status":"open","ping_status":"closed","sticky":false,"template":"","format":"standard","meta":{"footnotes":""},"categories":[1],"tags":[139],"class_list":["post-7126","post","type-post","status-publish","format-standard","has-post-thumbnail","hentry","category-news","tag-obwodnica-ostrowa"],"_links":{"self":[{"href":"https:\/\/ostrowskatv.pl\/index.php?rest_route=\/wp\/v2\/posts\/7126","targetHints":{"allow":["GET"]}}],"collection":[{"href":"https:\/\/ostrowskatv.pl\/index.php?rest_route=\/wp\/v2\/posts"}],"about":[{"href":"https:\/\/ostrowskatv.pl\/index.php?rest_route=\/wp\/v2\/types\/post"}],"author":[{"embeddable":true,"href":"https:\/\/ostrowskatv.pl\/index.php?rest_route=\/wp\/v2\/users\/1"}],"replies":[{"embeddable":true,"href":"https:\/\/ostrowskatv.pl\/index.php?rest_route=%2Fwp%2Fv2%2Fcomments&post=7126"}],"version-history":[{"count":0,"href":"https:\/\/ostrowskatv.pl\/index.php?rest_route=\/wp\/v2\/posts\/7126\/revisions"}],"wp:featuredmedia":[{"embeddable":true,"href":"https:\/\/ostrowskatv.pl\/index.php?rest_route=\/wp\/v2\/media\/7128"}],"wp:attachment":[{"href":"https:\/\/ostrowskatv.pl\/index.php?rest_route=%2Fwp%2Fv2%2Fmedia&parent=7126"}],"wp:term":[{"taxonomy":"category","embeddable":true,"href":"https:\/\/ostrowskatv.pl\/index.php?rest_route=%2Fwp%2Fv2%2Fcategories&post=7126"},{"taxonomy":"post_tag","embeddable":true,"href":"https:\/\/ostrowskatv.pl\/index.php?rest_route=%2Fwp%2Fv2%2Ftags&post=7126"}],"curies":[{"name":"wp","href":"https:\/\/api.w.org\/{rel}","templated":true}]}}