{"id":7118,"date":"2018-09-01T07:44:59","date_gmt":"2018-09-01T06:44:59","guid":{"rendered":"http:\/\/ostrowska.tv\/?p=7118"},"modified":"2018-09-01T07:45:40","modified_gmt":"2018-09-01T06:45:40","slug":"7118","status":"publish","type":"post","link":"https:\/\/ostrowskatv.pl\/?p=7118","title":{"rendered":"To cud, \u017ce nikt nie zgin\u0105\u0142. Ci\u0119\u017car\u00f3wka wjecha\u0142a w autokar z pielgrzymami"},"content":{"rendered":"<p><strong>To prawdziwy cud, \u017ce nikt nie zgin\u0105\u0142. Przed 6:00 rano dosz\u0142o do bardzo gro\u017anie wygl\u0105daj\u0105cego wypadku na drodze krajowej nr 36 w miejscowo\u015bci \u0141\u0105kociny.\u00a0<\/strong><\/p>\n<p>W autokar wioz\u0105cy pielgrzym\u00f3w do Cz\u0119stochowy uderzy\u0142 samoch\u00f3d ci\u0119\u017carowy. Chwil\u0119 przed zdarzeniem autokar zatrzyma\u0142 si\u0119, \u017ceby zabra\u0107 kolejnych pasa\u017cer\u00f3w. M\u0142ody kierowca samochodu ci\u0119\u017carowego w ostatniej chwili zorientowa\u0142 si\u0119 w sytuacji. Gwa\u0142townie skr\u0119ci\u0142 w lewo. Oba pojazdy zderzy\u0142y si\u0119 naro\u017cnikami.<\/p>\n<p>O dziwo nikt nie zosta\u0142 poszkodowany i nawet kierowca ci\u0119\u017car\u00f3wki opu\u015bci\u0142 j\u0105 o w\u0142asnych si\u0142ach. Pielgrzymi po p\u00f3\u0142torej godzinie wsiedli do autokaru zast\u0119pczego i kontynuowali podr\u00f3\u017c do Cz\u0119stochowy.<\/p>\n<p>Kierowca samochodu ci\u0119\u017carowego w pierwszej chwili sprawdzi\u0142 czy mu g\u0142owy nie urwa\u0142o, poniewa\u017c tu\u017c nad ni\u0105 &#8222;\u015bmign\u0105\u0142&#8221; mu dach. Droga krajowa by\u0142a zablokowana przez ponad 3 godziny.<\/p>\n<div id='gallery-1' class='gallery galleryid-7118 gallery-columns-3 gallery-size-thumbnail'><figure class='gallery-item'>\n\t\t\t<div class='gallery-icon portrait'>\n\t\t\t\t<a href='https:\/\/ostrowskatv.pl\/?attachment_id=7119'><img loading=\"lazy\" decoding=\"async\" width=\"150\" height=\"150\" src=\"https:\/\/ostrowskatv.pl\/wp-content\/uploads\/2018\/09\/IMG_20180901_071815-01-150x150.jpeg\" class=\"attachment-thumbnail size-thumbnail\" alt=\"\" aria-describedby=\"gallery-1-7119\" \/><\/a>\n\t\t\t<\/div>\n\t\t\t\t<figcaption class='wp-caption-text gallery-caption' id='gallery-1-7119'>\n\t\t\t\trhdr\n\t\t\t\t<\/figcaption><\/figure><figure class='gallery-item'>\n\t\t\t<div class='gallery-icon landscape'>\n\t\t\t\t<a href='https:\/\/ostrowskatv.pl\/?attachment_id=7121'><img loading=\"lazy\" decoding=\"async\" width=\"150\" height=\"150\" src=\"https:\/\/ostrowskatv.pl\/wp-content\/uploads\/2018\/09\/IMG_20180901_071843-01-150x150.jpeg\" class=\"attachment-thumbnail size-thumbnail\" alt=\"\" aria-describedby=\"gallery-1-7121\" \/><\/a>\n\t\t\t<\/div>\n\t\t\t\t<figcaption class='wp-caption-text gallery-caption' id='gallery-1-7121'>\n\t\t\t\trhdr\n\t\t\t\t<\/figcaption><\/figure><figure class='gallery-item'>\n\t\t\t<div class='gallery-icon landscape'>\n\t\t\t\t<a href='https:\/\/ostrowskatv.pl\/?attachment_id=7122'><img loading=\"lazy\" decoding=\"async\" width=\"150\" height=\"150\" src=\"https:\/\/ostrowskatv.pl\/wp-content\/uploads\/2018\/09\/IMG_20180901_074739-01-1-150x150.jpeg\" class=\"attachment-thumbnail size-thumbnail\" alt=\"\" aria-describedby=\"gallery-1-7122\" \/><\/a>\n\t\t\t<\/div>\n\t\t\t\t<figcaption class='wp-caption-text gallery-caption' id='gallery-1-7122'>\n\t\t\t\trhdr\n\t\t\t\t<\/figcaption><\/figure>\n\t\t<\/div>\n\n","protected":false},"excerpt":{"rendered":"To prawdziwy cud, \u017ce nikt nie zgin\u0105\u0142. Przed 6:00 rano dosz\u0142o do bardzo gro\u017anie wygl\u0105daj\u0105cego wypadku na drodze krajowej nr 36 w miejscowo\u015bci \n<a class=\"moretag\" href=\"https:\/\/ostrowskatv.pl\/?p=7118\"> [...]<\/a>","protected":false},"author":1,"featured_media":7121,"comment_status":"open","ping_status":"closed","sticky":false,"template":"","format":"standard","meta":{"footnotes":""},"categories":[1],"tags":[162],"class_list":["post-7118","post","type-post","status-publish","format-standard","has-post-thumbnail","hentry","category-news","tag-dk36"],"_links":{"self":[{"href":"https:\/\/ostrowskatv.pl\/index.php?rest_route=\/wp\/v2\/posts\/7118","targetHints":{"allow":["GET"]}}],"collection":[{"href":"https:\/\/ostrowskatv.pl\/index.php?rest_route=\/wp\/v2\/posts"}],"about":[{"href":"https:\/\/ostrowskatv.pl\/index.php?rest_route=\/wp\/v2\/types\/post"}],"author":[{"embeddable":true,"href":"https:\/\/ostrowskatv.pl\/index.php?rest_route=\/wp\/v2\/users\/1"}],"replies":[{"embeddable":true,"href":"https:\/\/ostrowskatv.pl\/index.php?rest_route=%2Fwp%2Fv2%2Fcomments&post=7118"}],"version-history":[{"count":0,"href":"https:\/\/ostrowskatv.pl\/index.php?rest_route=\/wp\/v2\/posts\/7118\/revisions"}],"wp:featuredmedia":[{"embeddable":true,"href":"https:\/\/ostrowskatv.pl\/index.php?rest_route=\/wp\/v2\/media\/7121"}],"wp:attachment":[{"href":"https:\/\/ostrowskatv.pl\/index.php?rest_route=%2Fwp%2Fv2%2Fmedia&parent=7118"}],"wp:term":[{"taxonomy":"category","embeddable":true,"href":"https:\/\/ostrowskatv.pl\/index.php?rest_route=%2Fwp%2Fv2%2Fcategories&post=7118"},{"taxonomy":"post_tag","embeddable":true,"href":"https:\/\/ostrowskatv.pl\/index.php?rest_route=%2Fwp%2Fv2%2Ftags&post=7118"}],"curies":[{"name":"wp","href":"https:\/\/api.w.org\/{rel}","templated":true}]}}