{"id":7107,"date":"2018-08-30T16:44:17","date_gmt":"2018-08-30T15:44:17","guid":{"rendered":"http:\/\/ostrowska.tv\/?p=7107"},"modified":"2018-08-30T16:45:03","modified_gmt":"2018-08-30T15:45:03","slug":"znecanie-sie-nad-norkami-zapadl-wyrok","status":"publish","type":"post","link":"https:\/\/ostrowskatv.pl\/?p=7107","title":{"rendered":"Zn\u0119canie si\u0119 nad norkami &#8211; zapad\u0142 wyrok"},"content":{"rendered":"<p><strong>S\u0119dzia Ma\u0142gorzata Malkowska skaza\u0142a dw\u00f3ch m\u0119\u017cczyzn, kt\u00f3rzy zn\u0119cali si\u0119 nad zwierz\u0119tami podczas pracy na fermie norek w Masanowie w powiecie ostrowskim. Wyroku 1 rok w zawieszeniu na 2 lata oraz 8 miesi\u0119cy w zawieszeniu na 3 lata. Ponadto doz\u00f3r kuratora i 2 tysi\u0105ce z\u0142 nawi\u0105zki na rzecz schroniska dla bezdomnych zwierz\u0105t w Wysocku Wielkim.<\/strong><\/p>\n<p>Sprawa zn\u0119cania si\u0119 nad norkami wstrz\u0105sn\u0119\u0142a opini\u0105 publiczn\u0105. M\u00f3wi\u0142y o niej og\u00f3lnopolskie media. Dzi\u015b zapad\u0142 wyrok, kt\u00f3ry pokazuje, \u017ce nie ma przyzwolenia na takie traktowanie zwierz\u0105t, nawet przy masowej hodowli.<\/p>\n<p>S\u0119dzia Ma\u0142gorzata Malkowska uzasadniaj\u0105c wyrok powiedzia\u0142a:<\/p>\n<p>Pierwszy pozwany stan\u0105\u0142 przed s\u0105dem jako podejrzany pope\u0142nienia dw\u00f3ch przest\u0119pstw. Oskar\u017cony mia\u0142 dopu\u015bci\u0107 zn\u0119cania si\u0119 nad norkami na fermie, gdzie by\u0142 zatrudniony. <strong>Uderza\u0142 nork\u0105 o \u015bcian\u0119 klatki, wrzuca\u0142 z rozmachem norki do klatek, co narazi\u0142o je na stres, b\u00f3l i cierpienie. Pozwanemu zarzucono zn\u0119canie si\u0119 ze szczeg\u00f3\u0142nym okrucie\u0144stwem nad jednym ze zwierz\u0105t. Polega\u0142o to na tym, \u017ce chwyci\u0142 nork\u0119 za ogon, uderzy\u0142 zwierz\u0119ciem o \u015bcian\u0119 budynku, w wyniku czego dozna\u0142a urazu czaszkowo-m\u00f3zgowego i ponios\u0142a \u015bmier\u0107.<\/strong><\/p>\n<p>Drugiemu oskar\u017conemu prokurator zarzuci\u0142 zn\u0119canie si\u0119 nad norkami na fermie w Masanowie. Polega\u0142o ono <strong>na uderzaniu szpachelk\u0105 w g\u0142ow\u0119. Dra\u017cni\u0142 je z\u0142o\u015bliwie i straszy\u0142. Narazi\u0142o to zwierz\u0119ta na stres.<\/strong><\/p>\n<p>Materia\u0142 dowodowy w ocenie s\u0105du by\u0142 kompletny. Oskar\u017ceni potwierdzili pope\u0142nienie tych przest\u0119pstw. Jednak drugi z oskar\u017conych cho\u0107 potwierdzi\u0142 swoj\u0105 win\u0119, to stwierdzi\u0142, \u017ce nie robi\u0142 tego umy\u015blnie. S\u0105d nie uwierzy\u0142 by m\u0119\u017cczyzna urodzony w 1998 roku nie zdawa\u0142 sobie konsekwencji ze swojego post\u0119powania.<\/p>\n<p>Pierwszy z oskar\u017conych potwierdzi\u0142, \u017ce w sierpniu 2016 r. jedn\u0105 nork\u0105 uderzy\u0142 o \u015bcian\u0119. Na pytanie s\u0105du, nie potrafi\u0142 wyja\u015bni\u0107 motyw\u00f3w swojego zachowania. Jeden z m\u0119\u017cczyzn nadal jest pracownikiem fermy w Masanowie. S\u0105d zauwa\u017cy\u0142, \u017ce nikt ich do pracy nie zmusza\u0142 i je\u017celi przeszkadza\u0142y im r\u00f3\u017cne rzeczy, powinni j\u0105 zmieni\u0107.<\/p>\n<p>Na filmie wida\u0107 z jak\u0105 nonszalancj\u0105 odnosi\u0142 si\u0119 do zwierz\u0105t. Wyst\u0119pek zn\u0119cania, ustawa o ochronie zwierz\u0105t, szczeg\u00f3\u0142owo wylicza takie zachowania, kt\u00f3re nale\u017cy zakwalifikowa\u0107 jako zn\u0119canie nad zwierz\u0119ciem.<\/p>\n<p>Zn\u0119caniem nad zwierz\u0119ciem jest zadawanie mu b\u00f3lu lub cierpienia. Wyliczonych jest kilkana\u015bcie przyk\u0142ad\u00f3w jak np. uderzanie przedmiotem t\u0119pym, ostrym, bicie.<br \/>\nUstawodawca r\u00f3wnie\u017c zaliczy\u0142 do zn\u0119cania: z\u0142o\u015bliwe dra\u017cnienie lub straszenie. Okrucie\u0144stwem jest uderzeniem nork\u0105 o \u015bcian\u0119. S\u0105d nie ma gwarancji, \u017ce w innym dniu, w innych okoliczno\u015bciach m\u00f3g\u0142by dopu\u015bci\u0107 si\u0119 podobnego przest\u0119pstwa np. na dziecku.<\/p>\n<p>Prokurator wnioskowa\u0142 o wyrok w zawieszeniu, a S\u0105d si\u0119 do niego przychyli\u0142. Oskar\u017ceni s\u0105 m\u0142odzi i dlatego kara ma mie\u0107 charakter wychowawczy, a dopiero p\u00f3\u017aniej represyjny. Dlatego dla pierwszego oskar\u017conego wymierzy\u0142 \u0142\u0105czn\u0105 kar\u0119 w wysoko\u015bci 1 roku pozbawienia wolno\u015bci w zawieszeniu na 2 lata.<\/p>\n<p>Drugi z oskar\u017conych zaproponowa\u0142 samoistn\u0105 kar\u0119 grzywny, ale S\u0105d zdecydowa\u0142 si\u0119 ukara\u0107 go znacznie surowiej &#8211; 6 miesi\u0119cy pozbawienia wolno\u015bci w zawieszeniu na 3 lata. W miejscu zamieszkania oskar\u017ceni maj\u0105 pozytywne opinie. Prowadz\u0105 ustabilizowany tryb \u017cycia.<\/p>\n<p>Nawi\u0105zka na rzecz schroniska w wysoko\u015bci 2 tysi\u0119cy z\u0142, jest \u015brednim, jednomiesi\u0119cznym wynagrodzeniem pracownika na fermie norek.<\/p>\n<p>Bogna Wiltowska, stowarzyszenie Otwarte Klatki &#8211; Dzisiejszy wyrok skazuj\u0105cy jest potwierdzeniem, \u017ce na wszystkie te patologie, kt\u00f3re s\u0105 zwi\u0105zane z hodowl\u0105 zwierz\u0105t na futro. Nie da si\u0119 zamkn\u0105\u0107 kilkudziesi\u0119ciu tysi\u0119cy dzikich zwierz\u0105t w klatkach i spodziewa\u0107 si\u0119, \u017ce ich dobrostan b\u0119dzie zapewniony. Zn\u0119canie si\u0119 nad zwierz\u0119tami przez tych oskar\u017conych jest potwierdzeniem, \u017ce hodowla zwierz\u0105t na futra powinna zosta\u0107 zakazana. Nam nie zale\u017ca\u0142o na karaniu konkretnych pracownik\u00f3w, poniewa\u017c oni s\u0105 tylko cz\u0119\u015bcia patologicznej hodowli zwierz\u0105t na futra. <strong>Na \u0142awie oskar\u017conych powinni zasiada\u0107 w\u0142a\u015bciciele i inwestorzy. Dowiedli\u015bmy, \u017ce na fermach futrzarskich dochodzi do wielu patologii.<\/strong> Nagranie pochodzi\u0142y od pracownika, kt\u00f3ry zatrudni\u0142 si\u0119 na 2 miesi\u0105ce.<\/p>\n<p><iframe loading=\"lazy\" title=\"[ZOBACZ] 2 miesi\u0105ce na fermie norek - \u015bledztwo Otwartych Klatek\" width=\"747\" height=\"420\" src=\"https:\/\/www.youtube.com\/embed\/PS-JEzYpWCc?feature=oembed\" frameborder=\"0\" allow=\"accelerometer; autoplay; clipboard-write; encrypted-media; gyroscope; picture-in-picture; web-share\" referrerpolicy=\"strict-origin-when-cross-origin\" allowfullscreen><\/iframe><\/p>\n","protected":false},"excerpt":{"rendered":"S\u0119dzia Ma\u0142gorzata Malkowska skaza\u0142a dw\u00f3ch m\u0119\u017cczyzn, kt\u00f3rzy zn\u0119cali si\u0119 nad zwierz\u0119tami podczas pracy na fermie norek w Masanowie w powiecie ostrowskim. Wyroku 1 \n<a class=\"moretag\" href=\"https:\/\/ostrowskatv.pl\/?p=7107\"> [...]<\/a>","protected":false},"author":1,"featured_media":7108,"comment_status":"open","ping_status":"closed","sticky":false,"template":"","format":"standard","meta":{"footnotes":""},"categories":[1],"tags":[161],"class_list":["post-7107","post","type-post","status-publish","format-standard","has-post-thumbnail","hentry","category-news","tag-zwierzeta"],"_links":{"self":[{"href":"https:\/\/ostrowskatv.pl\/index.php?rest_route=\/wp\/v2\/posts\/7107","targetHints":{"allow":["GET"]}}],"collection":[{"href":"https:\/\/ostrowskatv.pl\/index.php?rest_route=\/wp\/v2\/posts"}],"about":[{"href":"https:\/\/ostrowskatv.pl\/index.php?rest_route=\/wp\/v2\/types\/post"}],"author":[{"embeddable":true,"href":"https:\/\/ostrowskatv.pl\/index.php?rest_route=\/wp\/v2\/users\/1"}],"replies":[{"embeddable":true,"href":"https:\/\/ostrowskatv.pl\/index.php?rest_route=%2Fwp%2Fv2%2Fcomments&post=7107"}],"version-history":[{"count":0,"href":"https:\/\/ostrowskatv.pl\/index.php?rest_route=\/wp\/v2\/posts\/7107\/revisions"}],"wp:featuredmedia":[{"embeddable":true,"href":"https:\/\/ostrowskatv.pl\/index.php?rest_route=\/wp\/v2\/media\/7108"}],"wp:attachment":[{"href":"https:\/\/ostrowskatv.pl\/index.php?rest_route=%2Fwp%2Fv2%2Fmedia&parent=7107"}],"wp:term":[{"taxonomy":"category","embeddable":true,"href":"https:\/\/ostrowskatv.pl\/index.php?rest_route=%2Fwp%2Fv2%2Fcategories&post=7107"},{"taxonomy":"post_tag","embeddable":true,"href":"https:\/\/ostrowskatv.pl\/index.php?rest_route=%2Fwp%2Fv2%2Ftags&post=7107"}],"curies":[{"name":"wp","href":"https:\/\/api.w.org\/{rel}","templated":true}]}}