{"id":7104,"date":"2018-08-29T15:35:57","date_gmt":"2018-08-29T14:35:57","guid":{"rendered":"http:\/\/ostrowska.tv\/?p=7104"},"modified":"2018-08-29T15:35:57","modified_gmt":"2018-08-29T14:35:57","slug":"podejrzenie-utoniecia-na-obiekcie-piaski-szczygliczka","status":"publish","type":"post","link":"https:\/\/ostrowskatv.pl\/?p=7104","title":{"rendered":"Podejrzenie utoni\u0119cia na obiekcie Piaski-Szczygliczka"},"content":{"rendered":"<p><strong>Ratownicy WOPR Ostr\u00f3w Wielkopolski zg\u0142osili mo\u017cliwo\u015b\u0107 utoni\u0119cia m\u0119\u017cczyzny w zbiorniki Piaski-Szczygliczka. Chwil\u0119 wcze\u015bniej m\u0119\u017cczyzna by\u0142 widziany jak p\u0142yn\u0105\u0142 przez \u015brodek jeziora. \u015awiadkowie stracili go z oczu i powiadomili ratownik\u00f3w.<\/strong><\/p>\n<p>Na miejsce wezwano jednostki stra\u017cy po\u017carnej specjalizuj\u0105ce si\u0119 w ratownictwie wodnym. Dociera te\u017c na miejsce specjalna grupa nurkowa z Konina.<\/p>\n<p>Wst\u0119pnie nie znaleziono \u017cadnych opuszczonych ubra\u0144 wok\u00f3\u0142 zbiornika.<\/p>\n","protected":false},"excerpt":{"rendered":"Ratownicy WOPR Ostr\u00f3w Wielkopolski zg\u0142osili mo\u017cliwo\u015b\u0107 utoni\u0119cia m\u0119\u017cczyzny w zbiorniki Piaski-Szczygliczka. Chwil\u0119 wcze\u015bniej m\u0119\u017cczyzna by\u0142 widziany jak p\u0142yn\u0105\u0142 przez \u015brodek jeziora. \u015awiadkowie stracili \n<a class=\"moretag\" href=\"https:\/\/ostrowskatv.pl\/?p=7104\"> [...]<\/a>","protected":false},"author":1,"featured_media":7105,"comment_status":"open","ping_status":"closed","sticky":false,"template":"","format":"standard","meta":{"footnotes":""},"categories":[1],"tags":[2],"class_list":["post-7104","post","type-post","status-publish","format-standard","has-post-thumbnail","hentry","category-news","tag-ostrow-wielkopolski"],"_links":{"self":[{"href":"https:\/\/ostrowskatv.pl\/index.php?rest_route=\/wp\/v2\/posts\/7104","targetHints":{"allow":["GET"]}}],"collection":[{"href":"https:\/\/ostrowskatv.pl\/index.php?rest_route=\/wp\/v2\/posts"}],"about":[{"href":"https:\/\/ostrowskatv.pl\/index.php?rest_route=\/wp\/v2\/types\/post"}],"author":[{"embeddable":true,"href":"https:\/\/ostrowskatv.pl\/index.php?rest_route=\/wp\/v2\/users\/1"}],"replies":[{"embeddable":true,"href":"https:\/\/ostrowskatv.pl\/index.php?rest_route=%2Fwp%2Fv2%2Fcomments&post=7104"}],"version-history":[{"count":0,"href":"https:\/\/ostrowskatv.pl\/index.php?rest_route=\/wp\/v2\/posts\/7104\/revisions"}],"wp:featuredmedia":[{"embeddable":true,"href":"https:\/\/ostrowskatv.pl\/index.php?rest_route=\/wp\/v2\/media\/7105"}],"wp:attachment":[{"href":"https:\/\/ostrowskatv.pl\/index.php?rest_route=%2Fwp%2Fv2%2Fmedia&parent=7104"}],"wp:term":[{"taxonomy":"category","embeddable":true,"href":"https:\/\/ostrowskatv.pl\/index.php?rest_route=%2Fwp%2Fv2%2Fcategories&post=7104"},{"taxonomy":"post_tag","embeddable":true,"href":"https:\/\/ostrowskatv.pl\/index.php?rest_route=%2Fwp%2Fv2%2Ftags&post=7104"}],"curies":[{"name":"wp","href":"https:\/\/api.w.org\/{rel}","templated":true}]}}