{"id":710,"date":"2016-04-02T10:47:19","date_gmt":"2016-04-02T09:47:19","guid":{"rendered":"http:\/\/ostrowska.tv\/?p=710"},"modified":"2016-04-02T10:47:19","modified_gmt":"2016-04-02T09:47:19","slug":"konkretny-dzwon-na-obwodnicy-ostrowa","status":"publish","type":"post","link":"https:\/\/ostrowskatv.pl\/?p=710","title":{"rendered":"Konkretny &#8222;dzwon&#8221; na obwodnicy Ostrowa"},"content":{"rendered":"<p><strong>Do powa\u017cnego wypadku dosz\u0142o 1 kwietnia na obwodnicy Ostrowa Wlkp. M\u0119\u017cczyzna kieruj\u0105cy terenow\u0105 Toyot\u0105 Hilux postanowi\u0142 zawr\u00f3ci\u0107 na wysoko\u015bci wiaduktu w Karskach. Gdy skr\u0119ci\u0142 na lewy pas, jad\u0105ce za nim BMW zacz\u0119\u0142o gwa\u0142townie hamowa\u0107, pr\u00f3buj\u0105c jeszcze wyprzedzi\u0107 Toyot\u0119. Niestety fina\u0142 by\u0142 taki, \u017ce osob\u00f3wka uderzy\u0142a w bok teren\u00f3wk\u0119. BMW wpad\u0142o do rowu.<\/strong><\/p>\n<p>Na miejsce wezwano stra\u017c po\u017carn\u0105 obawiaj\u0105c si\u0119, \u017ce BMW zaczyna si\u0119 pali\u0107. W rzeczywisto\u015bci by\u0142a to wydobywaj\u0105ca si\u0119 para z ch\u0142odnicy. Kierowc\u0119 z osob\u00f3wki zabrano do szpitala. Co ciekawe, nie zadzia\u0142a\u0142y poduszki powietrzne. Natomiast osobom podr\u00f3\u017cuj\u0105cym Toyot\u0105 nic si\u0119 nie sta\u0142o. Do ambulatorium zabrano jednak kierowc\u0119, kt\u00f3remu podskoczy\u0142o ci\u015bnienie krwi.<\/p>\n<div style=\"width: 640px;\" class=\"wp-video\"><video class=\"wp-video-shortcode\" id=\"video-710-1\" width=\"640\" height=\"360\" preload=\"metadata\" controls=\"controls\"><source type=\"video\/mp4\" src=\"http:\/\/ostrowska.tv\/wp-content\/uploads\/2016\/04\/obwodnica-wypadek-iv2016.mp4?_=1\" \/><a href=\"http:\/\/ostrowska.tv\/wp-content\/uploads\/2016\/04\/obwodnica-wypadek-iv2016.mp4\">http:\/\/ostrowska.tv\/wp-content\/uploads\/2016\/04\/obwodnica-wypadek-iv2016.mp4<\/a><\/video><\/div>\n","protected":false},"excerpt":{"rendered":"Do powa\u017cnego wypadku dosz\u0142o 1 kwietnia na obwodnicy Ostrowa Wlkp. M\u0119\u017cczyzna kieruj\u0105cy terenow\u0105 Toyot\u0105 Hilux postanowi\u0142 zawr\u00f3ci\u0107 na wysoko\u015bci wiaduktu w Karskach. Gdy \n<a class=\"moretag\" href=\"https:\/\/ostrowskatv.pl\/?p=710\"> [...]<\/a>","protected":false},"author":1,"featured_media":712,"comment_status":"open","ping_status":"open","sticky":false,"template":"","format":"standard","meta":{"footnotes":""},"categories":[1],"tags":[2,11],"class_list":["post-710","post","type-post","status-publish","format-standard","has-post-thumbnail","hentry","category-news","tag-ostrow-wielkopolski","tag-wypadek"],"_links":{"self":[{"href":"https:\/\/ostrowskatv.pl\/index.php?rest_route=\/wp\/v2\/posts\/710","targetHints":{"allow":["GET"]}}],"collection":[{"href":"https:\/\/ostrowskatv.pl\/index.php?rest_route=\/wp\/v2\/posts"}],"about":[{"href":"https:\/\/ostrowskatv.pl\/index.php?rest_route=\/wp\/v2\/types\/post"}],"author":[{"embeddable":true,"href":"https:\/\/ostrowskatv.pl\/index.php?rest_route=\/wp\/v2\/users\/1"}],"replies":[{"embeddable":true,"href":"https:\/\/ostrowskatv.pl\/index.php?rest_route=%2Fwp%2Fv2%2Fcomments&post=710"}],"version-history":[{"count":0,"href":"https:\/\/ostrowskatv.pl\/index.php?rest_route=\/wp\/v2\/posts\/710\/revisions"}],"wp:featuredmedia":[{"embeddable":true,"href":"https:\/\/ostrowskatv.pl\/index.php?rest_route=\/wp\/v2\/media\/712"}],"wp:attachment":[{"href":"https:\/\/ostrowskatv.pl\/index.php?rest_route=%2Fwp%2Fv2%2Fmedia&parent=710"}],"wp:term":[{"taxonomy":"category","embeddable":true,"href":"https:\/\/ostrowskatv.pl\/index.php?rest_route=%2Fwp%2Fv2%2Fcategories&post=710"},{"taxonomy":"post_tag","embeddable":true,"href":"https:\/\/ostrowskatv.pl\/index.php?rest_route=%2Fwp%2Fv2%2Ftags&post=710"}],"curies":[{"name":"wp","href":"https:\/\/api.w.org\/{rel}","templated":true}]}}