{"id":7088,"date":"2018-08-26T18:20:32","date_gmt":"2018-08-26T17:20:32","guid":{"rendered":"http:\/\/ostrowska.tv\/?p=7088"},"modified":"2018-08-26T18:20:32","modified_gmt":"2018-08-26T17:20:32","slug":"motocyklisci-jechali-do-antonina-jeden-wjechal-w-drugiego","status":"publish","type":"post","link":"https:\/\/ostrowskatv.pl\/?p=7088","title":{"rendered":"Motocykli\u015bci jechali do Antonina. Jeden wjecha\u0142 w drugiego"},"content":{"rendered":"<p><strong>O godzinie 16:00 w niedziel\u0119 grupa dojrza\u0142ych wiekiem motocyklist\u00f3w jecha\u0142a do Antonina. Na rondzie w Strugach jeden z nich wjecha\u0142 w ty\u0142 drugiego. Sprawca zacz\u0105\u0142 krwawi\u0107 na twarzy. Na miejsce wezwano karetk\u0119.<\/strong><\/p>\n<p>Ostrowscy motocykli\u015bci wybrali si\u0119 na niedzieln\u0105 przeja\u017cd\u017ck\u0119. Doje\u017cd\u017caj\u0105c od strony Przygodzic do ronda w Strugach, m\u0119\u017cczyzna jad\u0105cy z ty\u0142u wjecha\u0142 w ty\u0142 kolegi. Sprawca na czerwonym motocyklu dozna\u0142 rozci\u0119cia wargi. Zosta\u0142 ukarany mandatem karnym.<\/p>\n<div id='gallery-1' class='gallery galleryid-7088 gallery-columns-3 gallery-size-thumbnail'><figure class='gallery-item'>\n\t\t\t<div class='gallery-icon landscape'>\n\t\t\t\t<a href='https:\/\/ostrowskatv.pl\/?attachment_id=7089'><img loading=\"lazy\" decoding=\"async\" width=\"150\" height=\"150\" src=\"https:\/\/ostrowskatv.pl\/wp-content\/uploads\/2018\/08\/strugi_moto03-150x150.jpg\" class=\"attachment-thumbnail size-thumbnail\" alt=\"\" \/><\/a>\n\t\t\t<\/div><\/figure><figure class='gallery-item'>\n\t\t\t<div class='gallery-icon landscape'>\n\t\t\t\t<a href='https:\/\/ostrowskatv.pl\/?attachment_id=7090'><img loading=\"lazy\" decoding=\"async\" width=\"150\" height=\"150\" src=\"https:\/\/ostrowskatv.pl\/wp-content\/uploads\/2018\/08\/strugi_moto02-150x150.jpg\" class=\"attachment-thumbnail size-thumbnail\" alt=\"\" \/><\/a>\n\t\t\t<\/div><\/figure><figure class='gallery-item'>\n\t\t\t<div class='gallery-icon landscape'>\n\t\t\t\t<a href='https:\/\/ostrowskatv.pl\/?attachment_id=7091'><img loading=\"lazy\" decoding=\"async\" width=\"150\" height=\"150\" src=\"https:\/\/ostrowskatv.pl\/wp-content\/uploads\/2018\/08\/strugi_moto01-150x150.jpg\" class=\"attachment-thumbnail size-thumbnail\" alt=\"\" \/><\/a>\n\t\t\t<\/div><\/figure>\n\t\t<\/div>\n\n","protected":false},"excerpt":{"rendered":"O godzinie 16:00 w niedziel\u0119 grupa dojrza\u0142ych wiekiem motocyklist\u00f3w jecha\u0142a do Antonina. Na rondzie w Strugach jeden z nich wjecha\u0142 w ty\u0142 drugiego. \n<a class=\"moretag\" href=\"https:\/\/ostrowskatv.pl\/?p=7088\"> [...]<\/a>","protected":false},"author":1,"featured_media":7091,"comment_status":"open","ping_status":"closed","sticky":false,"template":"","format":"standard","meta":{"footnotes":""},"categories":[1],"tags":[160],"class_list":["post-7088","post","type-post","status-publish","format-standard","has-post-thumbnail","hentry","category-news","tag-strugi"],"_links":{"self":[{"href":"https:\/\/ostrowskatv.pl\/index.php?rest_route=\/wp\/v2\/posts\/7088","targetHints":{"allow":["GET"]}}],"collection":[{"href":"https:\/\/ostrowskatv.pl\/index.php?rest_route=\/wp\/v2\/posts"}],"about":[{"href":"https:\/\/ostrowskatv.pl\/index.php?rest_route=\/wp\/v2\/types\/post"}],"author":[{"embeddable":true,"href":"https:\/\/ostrowskatv.pl\/index.php?rest_route=\/wp\/v2\/users\/1"}],"replies":[{"embeddable":true,"href":"https:\/\/ostrowskatv.pl\/index.php?rest_route=%2Fwp%2Fv2%2Fcomments&post=7088"}],"version-history":[{"count":0,"href":"https:\/\/ostrowskatv.pl\/index.php?rest_route=\/wp\/v2\/posts\/7088\/revisions"}],"wp:featuredmedia":[{"embeddable":true,"href":"https:\/\/ostrowskatv.pl\/index.php?rest_route=\/wp\/v2\/media\/7091"}],"wp:attachment":[{"href":"https:\/\/ostrowskatv.pl\/index.php?rest_route=%2Fwp%2Fv2%2Fmedia&parent=7088"}],"wp:term":[{"taxonomy":"category","embeddable":true,"href":"https:\/\/ostrowskatv.pl\/index.php?rest_route=%2Fwp%2Fv2%2Fcategories&post=7088"},{"taxonomy":"post_tag","embeddable":true,"href":"https:\/\/ostrowskatv.pl\/index.php?rest_route=%2Fwp%2Fv2%2Ftags&post=7088"}],"curies":[{"name":"wp","href":"https:\/\/api.w.org\/{rel}","templated":true}]}}