{"id":7076,"date":"2018-08-24T15:01:10","date_gmt":"2018-08-24T14:01:10","guid":{"rendered":"http:\/\/ostrowska.tv\/?p=7076"},"modified":"2018-08-24T15:01:10","modified_gmt":"2018-08-24T14:01:10","slug":"pochowano-trojke-rodzenstwa-z-sulmierzyc","status":"publish","type":"post","link":"https:\/\/ostrowskatv.pl\/?p=7076","title":{"rendered":"Pochowano tr\u00f3jk\u0119 rodze\u0144stwa z Sulmierzyc"},"content":{"rendered":"<p><strong>T\u0142um os\u00f3b po\u017cegna\u0142 11-letni\u0105 Zuzi\u0119, 13-letniego Kamila i 14-letniego Kacpra. Ca\u0142a tr\u00f3jka by\u0142a rodze\u0144stwem, kt\u00f3re uton\u0119\u0142o w Dar\u0142\u00f3wku podczas wakacji. Uroczysto\u015b\u0107 pogrzebowa odby\u0142a si\u0119 w pi\u0105tek o godzinie 11:00 w ko\u015bciele parafialnym w Sulmierzycach. \u017ba\u0142obnicy, a w\u015br\u00f3d nich r\u00f3wie\u015bnicy zmar\u0142ych dzieci, mieli ze sob\u0105 bia\u0142e r\u00f3\u017ce.<\/strong><\/p>\n<p>Cho\u0107 oficjalna \u017ca\u0142oba w Sulmierzycach mia\u0142a trwa\u0107 tylko jeden dzie\u0144, to do dzisiaj na wielu domach wisia\u0142y flagi przepasane czarnym kirem. Ksi\u0105dz proboszcz zauwa\u017cy\u0142, \u017ce wiele os\u00f3b \u0142\u0105czy si\u0119 w b\u00f3lu z bliskimi zmar\u0142ych. Przypomnia\u0142 fakt kontaktu ze strony papie\u017ca Franciszka za po\u015brednictwem kardyna\u0142a.- Dzi\u015b nie m\u00f3wimy Wam \u017cegnajcie, ale do zobaczenia na radosnym apelu w niebie.<\/p>\n<p>Nast\u0119pnie kondukt \u017ca\u0142obny uda\u0142 si\u0119 na parafialny cmentarz, gdzie ca\u0142\u0105 tr\u00f3jk\u0119 pochowano obok siebie.<\/p>\n<p>Ca\u0142a tr\u00f3jka uton\u0119\u0142a 14 sierpnia w Dar\u0142\u00f3wku. <\/p>\n<div id='gallery-1' class='gallery galleryid-7076 gallery-columns-3 gallery-size-thumbnail'><figure class='gallery-item'>\n\t\t\t<div class='gallery-icon landscape'>\n\t\t\t\t<a href='https:\/\/ostrowskatv.pl\/?attachment_id=7077'><img loading=\"lazy\" decoding=\"async\" width=\"150\" height=\"150\" src=\"https:\/\/ostrowskatv.pl\/wp-content\/uploads\/2018\/08\/pogrzeb_sulmierzyce05-150x150.jpg\" class=\"attachment-thumbnail size-thumbnail\" alt=\"\" \/><\/a>\n\t\t\t<\/div><\/figure><figure class='gallery-item'>\n\t\t\t<div class='gallery-icon landscape'>\n\t\t\t\t<a href='https:\/\/ostrowskatv.pl\/?attachment_id=7078'><img loading=\"lazy\" decoding=\"async\" width=\"150\" height=\"150\" src=\"https:\/\/ostrowskatv.pl\/wp-content\/uploads\/2018\/08\/pogrzeb_sulmierzyce04-150x150.jpg\" class=\"attachment-thumbnail size-thumbnail\" alt=\"\" \/><\/a>\n\t\t\t<\/div><\/figure><figure class='gallery-item'>\n\t\t\t<div class='gallery-icon landscape'>\n\t\t\t\t<a href='https:\/\/ostrowskatv.pl\/?attachment_id=7079'><img loading=\"lazy\" decoding=\"async\" width=\"150\" height=\"150\" src=\"https:\/\/ostrowskatv.pl\/wp-content\/uploads\/2018\/08\/pogrzeb_sulmierzyce03-150x150.jpg\" class=\"attachment-thumbnail size-thumbnail\" alt=\"\" \/><\/a>\n\t\t\t<\/div><\/figure><figure class='gallery-item'>\n\t\t\t<div class='gallery-icon landscape'>\n\t\t\t\t<a href='https:\/\/ostrowskatv.pl\/?attachment_id=7080'><img loading=\"lazy\" decoding=\"async\" width=\"150\" height=\"150\" src=\"https:\/\/ostrowskatv.pl\/wp-content\/uploads\/2018\/08\/pogrzeb_sulmierzyce01-150x150.jpg\" class=\"attachment-thumbnail size-thumbnail\" alt=\"\" \/><\/a>\n\t\t\t<\/div><\/figure>\n\t\t<\/div>\n\n","protected":false},"excerpt":{"rendered":"T\u0142um os\u00f3b po\u017cegna\u0142 11-letni\u0105 Zuzi\u0119, 13-letniego Kamila i 14-letniego Kacpra. Ca\u0142a tr\u00f3jka by\u0142a rodze\u0144stwem, kt\u00f3re uton\u0119\u0142o w Dar\u0142\u00f3wku podczas wakacji. Uroczysto\u015b\u0107 pogrzebowa odby\u0142a \n<a class=\"moretag\" href=\"https:\/\/ostrowskatv.pl\/?p=7076\"> [...]<\/a>","protected":false},"author":1,"featured_media":7079,"comment_status":"open","ping_status":"closed","sticky":false,"template":"","format":"standard","meta":{"footnotes":""},"categories":[1],"tags":[117],"class_list":["post-7076","post","type-post","status-publish","format-standard","has-post-thumbnail","hentry","category-news","tag-sulmierzyce"],"_links":{"self":[{"href":"https:\/\/ostrowskatv.pl\/index.php?rest_route=\/wp\/v2\/posts\/7076","targetHints":{"allow":["GET"]}}],"collection":[{"href":"https:\/\/ostrowskatv.pl\/index.php?rest_route=\/wp\/v2\/posts"}],"about":[{"href":"https:\/\/ostrowskatv.pl\/index.php?rest_route=\/wp\/v2\/types\/post"}],"author":[{"embeddable":true,"href":"https:\/\/ostrowskatv.pl\/index.php?rest_route=\/wp\/v2\/users\/1"}],"replies":[{"embeddable":true,"href":"https:\/\/ostrowskatv.pl\/index.php?rest_route=%2Fwp%2Fv2%2Fcomments&post=7076"}],"version-history":[{"count":0,"href":"https:\/\/ostrowskatv.pl\/index.php?rest_route=\/wp\/v2\/posts\/7076\/revisions"}],"wp:featuredmedia":[{"embeddable":true,"href":"https:\/\/ostrowskatv.pl\/index.php?rest_route=\/wp\/v2\/media\/7079"}],"wp:attachment":[{"href":"https:\/\/ostrowskatv.pl\/index.php?rest_route=%2Fwp%2Fv2%2Fmedia&parent=7076"}],"wp:term":[{"taxonomy":"category","embeddable":true,"href":"https:\/\/ostrowskatv.pl\/index.php?rest_route=%2Fwp%2Fv2%2Fcategories&post=7076"},{"taxonomy":"post_tag","embeddable":true,"href":"https:\/\/ostrowskatv.pl\/index.php?rest_route=%2Fwp%2Fv2%2Ftags&post=7076"}],"curies":[{"name":"wp","href":"https:\/\/api.w.org\/{rel}","templated":true}]}}