{"id":7066,"date":"2018-08-23T13:02:00","date_gmt":"2018-08-23T12:02:00","guid":{"rendered":"http:\/\/ostrowska.tv\/?p=7066"},"modified":"2018-08-23T13:11:57","modified_gmt":"2018-08-23T12:11:57","slug":"lukasz-mikolajczyk-na-rynku-polityka-socjalna","status":"publish","type":"post","link":"https:\/\/ostrowskatv.pl\/?p=7066","title":{"rendered":"\u0141ukasz Miko\u0142ajczyk na Rynku &#8211; polityka socjalna"},"content":{"rendered":"<p><strong>Na ostrowskim Rynku odby\u0142 si\u0119 pierwszy briefing prasowy \u0141ukasza Miko\u0142ajczyka, w czasie kt\u00f3rego zaprezentowano najwa\u017cniejsze zagadnienia programowe z dziedziny polityki spo\u0142ecznej. Nie zabrak\u0142o kilkorga przedstawicieli pal\u0105cych znicze pod S\u0105dem, pr\u00f3buj\u0105cych zaatakowa\u0107 jednego z kandydat\u00f3w na prezydenta Ostrowa Wlkp.<\/strong><\/p>\n<div id='gallery-1' class='gallery galleryid-7066 gallery-columns-3 gallery-size-thumbnail'><figure class='gallery-item'>\n\t\t\t<div class='gallery-icon landscape'>\n\t\t\t\t<a href='https:\/\/ostrowskatv.pl\/?attachment_id=7067'><img loading=\"lazy\" decoding=\"async\" width=\"150\" height=\"150\" src=\"https:\/\/ostrowskatv.pl\/wp-content\/uploads\/2018\/08\/IMG_20180823_100740-150x150.jpg\" class=\"attachment-thumbnail size-thumbnail\" alt=\"\" \/><\/a>\n\t\t\t<\/div><\/figure><figure class='gallery-item'>\n\t\t\t<div class='gallery-icon landscape'>\n\t\t\t\t<a href='https:\/\/ostrowskatv.pl\/?attachment_id=7070'><img loading=\"lazy\" decoding=\"async\" width=\"150\" height=\"150\" src=\"https:\/\/ostrowskatv.pl\/wp-content\/uploads\/2018\/08\/IMG_20180823_100702-150x150.jpg\" class=\"attachment-thumbnail size-thumbnail\" alt=\"\" \/><\/a>\n\t\t\t<\/div><\/figure><figure class='gallery-item'>\n\t\t\t<div class='gallery-icon landscape'>\n\t\t\t\t<a href='https:\/\/ostrowskatv.pl\/?attachment_id=7069'><img loading=\"lazy\" decoding=\"async\" width=\"150\" height=\"150\" src=\"https:\/\/ostrowskatv.pl\/wp-content\/uploads\/2018\/08\/IMG_20180823_100650-150x150.jpg\" class=\"attachment-thumbnail size-thumbnail\" alt=\"\" \/><\/a>\n\t\t\t<\/div><\/figure><figure class='gallery-item'>\n\t\t\t<div class='gallery-icon landscape'>\n\t\t\t\t<a href='https:\/\/ostrowskatv.pl\/?attachment_id=7068'><img loading=\"lazy\" decoding=\"async\" width=\"150\" height=\"150\" src=\"https:\/\/ostrowskatv.pl\/wp-content\/uploads\/2018\/08\/IMG_20180823_100654-150x150.jpg\" class=\"attachment-thumbnail size-thumbnail\" alt=\"\" \/><\/a>\n\t\t\t<\/div><\/figure><figure class='gallery-item'>\n\t\t\t<div class='gallery-icon landscape'>\n\t\t\t\t<a href='https:\/\/ostrowskatv.pl\/?attachment_id=7071'><img loading=\"lazy\" decoding=\"async\" width=\"150\" height=\"150\" src=\"https:\/\/ostrowskatv.pl\/wp-content\/uploads\/2018\/08\/IMG_20180823_100830-150x150.jpg\" class=\"attachment-thumbnail size-thumbnail\" alt=\"\" \/><\/a>\n\t\t\t<\/div><\/figure>\n\t\t<\/div>\n\n<p><iframe loading=\"lazy\" title=\"\u0141ukasz Miko\u0142ajczyk - briefing nr 1\" width=\"747\" height=\"420\" src=\"https:\/\/www.youtube.com\/embed\/bmOIba7TUDo?feature=oembed\" frameborder=\"0\" allow=\"accelerometer; autoplay; clipboard-write; encrypted-media; gyroscope; picture-in-picture; web-share\" referrerpolicy=\"strict-origin-when-cross-origin\" allowfullscreen><\/iframe><\/p>\n<p>Przed Ratuszem zaprezentowano cz\u0119\u015b\u0107 &#8222;dru\u017cyny Miko\u0142ajczyka&#8221;, czyli kandydat\u00f3w do Rady Miejskiej. W\u015br\u00f3d nich mo\u017cna by\u0142o dostrzec Wojciecha Matuszczaka, obecnie wiceprzewodnicz\u0105cego Rady Miejskiej.<\/p>\n<p>Program \u0141ukasza Miko\u0142ajczyka zosta\u0142 nazwany &#8222;Strategi\u0105 Ostr\u00f3w 2023&#8221;.\u00a0 &#8211; Jednym z g\u0142\u00f3wnych cel\u00f3w strategii jest to, aby Ostr\u00f3w Wielkopolski sta\u0142 si\u0119 magnetycznym miastem. Magnetyczne miasto to takie, kt\u00f3re ma kilka cech: posiada silnego i charyzmatycznego lidera, przyci\u0105ga kapita\u0142 inwestycyjny, jest po\u0142\u0105czone z innymi miastami, stale odnawia swoj\u0105 fizyczn\u0105 infrastruktur\u0119, posiada wyr\u00f3\u017cniaj\u0105c\u0105 si\u0119 to\u017csamo\u015b\u0107, rozwija nowe idee oraz przyci\u0105ga m\u0142odych i zamo\u017cnych tw\u00f3rc\u00f3w.<\/p>\n<p><strong>Wdro\u017cenie \u201eKARTY OSTROWIANINA\u201d<\/strong><\/p>\n<p>1. Ogromne mo\u017cliwo\u015bci innowacyjnej KARTY OSTROWIANINA pozwalaj\u0105 na zast\u0105pienie :<br \/>\nbiletu autobusowego \u2013 uprawnia do darmowych przejazd\u00f3w<br \/>\nbiletu na basen, lodowisko<br \/>\nbiletu do kina, OCK, muzeum<br \/>\npieni\u0119dzy przy op\u0142atach za parking \u2013 p\u0142acimy kart\u0105 (przedp\u0142acona portmonetka)<\/p>\n<p>karty bibliotecznej<br \/>\nkarty seniora, karty du\u017cej rodziny, karty przedsi\u0119biorcy<br \/>\nkart rabatowych i karnet\u00f3w prywatnych przedsi\u0119biorc\u00f3w<br \/>\nbilet\u00f3w na wydarzenia organizowane przez inne instytucje<\/p>\n<p>2. Korzy\u015bci dla mieszka\u0144ca:<br \/>\nsta\u0142e rabaty w miejskich instytucjach spo\u0142ecznych, kulturalnych i sportowych<br \/>\njedna karta do wielu us\u0142ug<br \/>\nbezpiecze\u0144stwo dzieci (brak konieczno\u015bci noszenia got\u00f3wki)<br \/>\nwygoda korzystania<\/p>\n<p>3. Korzy\u015bci dla miasta:<br \/>\nZwi\u0119kszenie dochod\u00f3w bud\u017cetowych poprzez zach\u0119cenie do meldowania si\u0119 i rozliczania podatku dochodowego w Ostrowie Wielkopolskim.<\/p>\n<p>4. Dodatkowe us\u0142ugi:<br \/>\nrabaty w punktach handlowych<br \/>\n\u0142atwe przekazywanie mieszka\u0144com r\u00f3\u017cnych \u201ebonus\u00f3w\u201d, np. bilet na urodziny, bilet na Dzie\u0144 Kobiet, nagrody za segregacj\u0119 odpad\u00f3w, itd.<br \/>\n\u0142atwe przekazywanie prezent\u00f3w (bilet\u00f3w) pomi\u0119dzy mieszka\u0144cami<br \/>\n\u0142atwe przekazywanie nagr\u00f3d w konkursach<\/p>\n<p>5. Technikalia<br \/>\nKarta jest tylko identyfikatorem i mo\u017ce by\u0107 w \u0142atwy spos\u00f3b zast\u0105piona przez nowy elektroniczny dow\u00f3d osobisty.<br \/>\nDane o zakupionych biletach i us\u0142ugach oraz uprawnienia zapisane s\u0105 w centralnej bazie danych.<\/p>\n<p><strong>Darmowa komunikacja miejska<\/strong> dla wszystkich mieszka\u0144c\u00f3w Ostrowa Wielkopolskiego. W kontek\u015bcie komunikacji miejskiej urealnimy siatk\u0119 po\u0142\u0105cze\u0144 i dostosujemy do potrzeb mieszka\u0144c\u00f3w (przystanki, godziny po\u0142\u0105cze\u0144, ilo\u015b\u0107 kurs\u00f3w). Wprowadzimy lini\u0119 nocn\u0105.<\/p>\n<p>Wychodz\u0105c naprzeciw oczekiwaniom mieszka\u0144c\u00f3w, usprawnimy prac\u0119 Urz\u0119du Miejskiego. Raz w tygodniu <strong>Urz\u0105d Miejski b\u0119dzie otwarty dla mieszka\u0144c\u00f3w do godziny 19.00<\/strong>. Jeden dzie\u0144 w miesi\u0105cu prezesi sp\u00f3\u0142ek lub w uzasadnionych przypadkach ich przedstawiciele b\u0119d\u0105 pe\u0142nili dy\u017cur w Urz\u0119dzie Miejskim.<\/p>\n<p>Powstanie SDS, czyli <strong>STRONY DIALOGU SPO\u0141ECZNEGO<\/strong> \u2013 og\u00f3lnodost\u0119pna strona, kt\u00f3ra umo\u017cliwi mieszka\u0144com zadanie pytania, z\u0142o\u017cenia interpelacji Prezydentowi, Radnym oraz Prezesom Sp\u00f3\u0142ek Miejskich. Na tej stronie kluczow\u0105 rol\u0119 b\u0119dzie odgrywa\u0142a zak\u0142adka \u201eNaprawmy Ostr\u00f3w\u201d, kt\u00f3ra b\u0119dzie s\u0142u\u017cy\u0142a do zg\u0142aszania usterek chodnik\u00f3w, dr\u00f3g, lamp, uszkodze\u0144, nieczysto\u015bci, itp.<\/p>\n<p>Przywr\u00f3cimy elementarn\u0105 <strong>SPRAWIEDLIWO\u015a\u0106 SPO\u0141ECZN\u0104<\/strong> g\u0142\u00f3wnie pracownikom obs\u0142ugi. Wynagrodzenia pracownik\u00f3w obs\u0142ugi = przynajmniej p\u0142aca minimalna + dodatek sta\u017cowy + premia<\/p>\n<p>Podejmiemy starania, aby docelowo w Ostrowie powsta\u0142 <strong>PUNKT OBS\u0141UGI UBEZPIECZONYCH<\/strong><br \/>\no potwierdzanie zlece\u0144 na \u015brodki pomocnicze i wyroby medyczne (oko\u0142o 180 dziennie, z tego 50 Ostr\u00f3w i powiat ostrowski)<br \/>\no wydawanie kart EKUZ<br \/>\no dost\u0119p do konta ZIP (Zintegrowany Informator Pacjenta)<\/p>\n<p>Obecnie mieszka\u0144cy Ostrowa i powiatu ostrowskiego musz\u0105 je\u017adzi\u0107 do Kalisza w sprawach przedstawionych powy\u017cej.<\/p>\n","protected":false},"excerpt":{"rendered":"Na ostrowskim Rynku odby\u0142 si\u0119 pierwszy briefing prasowy \u0141ukasza Miko\u0142ajczyka, w czasie kt\u00f3rego zaprezentowano najwa\u017cniejsze zagadnienia programowe z dziedziny polityki spo\u0142ecznej. Nie zabrak\u0142o \n<a class=\"moretag\" href=\"https:\/\/ostrowskatv.pl\/?p=7066\"> [...]<\/a>","protected":false},"author":1,"featured_media":7067,"comment_status":"open","ping_status":"closed","sticky":false,"template":"","format":"standard","meta":{"footnotes":""},"categories":[1],"tags":[2],"class_list":["post-7066","post","type-post","status-publish","format-standard","has-post-thumbnail","hentry","category-news","tag-ostrow-wielkopolski"],"_links":{"self":[{"href":"https:\/\/ostrowskatv.pl\/index.php?rest_route=\/wp\/v2\/posts\/7066","targetHints":{"allow":["GET"]}}],"collection":[{"href":"https:\/\/ostrowskatv.pl\/index.php?rest_route=\/wp\/v2\/posts"}],"about":[{"href":"https:\/\/ostrowskatv.pl\/index.php?rest_route=\/wp\/v2\/types\/post"}],"author":[{"embeddable":true,"href":"https:\/\/ostrowskatv.pl\/index.php?rest_route=\/wp\/v2\/users\/1"}],"replies":[{"embeddable":true,"href":"https:\/\/ostrowskatv.pl\/index.php?rest_route=%2Fwp%2Fv2%2Fcomments&post=7066"}],"version-history":[{"count":0,"href":"https:\/\/ostrowskatv.pl\/index.php?rest_route=\/wp\/v2\/posts\/7066\/revisions"}],"wp:featuredmedia":[{"embeddable":true,"href":"https:\/\/ostrowskatv.pl\/index.php?rest_route=\/wp\/v2\/media\/7067"}],"wp:attachment":[{"href":"https:\/\/ostrowskatv.pl\/index.php?rest_route=%2Fwp%2Fv2%2Fmedia&parent=7066"}],"wp:term":[{"taxonomy":"category","embeddable":true,"href":"https:\/\/ostrowskatv.pl\/index.php?rest_route=%2Fwp%2Fv2%2Fcategories&post=7066"},{"taxonomy":"post_tag","embeddable":true,"href":"https:\/\/ostrowskatv.pl\/index.php?rest_route=%2Fwp%2Fv2%2Ftags&post=7066"}],"curies":[{"name":"wp","href":"https:\/\/api.w.org\/{rel}","templated":true}]}}