{"id":705,"date":"2016-04-01T12:35:31","date_gmt":"2016-04-01T11:35:31","guid":{"rendered":"http:\/\/ostrowska.tv\/?p=705"},"modified":"2016-04-01T13:30:49","modified_gmt":"2016-04-01T12:30:49","slug":"ruszylo-500-plus-wideorelacja","status":"publish","type":"post","link":"https:\/\/ostrowskatv.pl\/?p=705","title":{"rendered":"Ruszy\u0142o 500 plus. Wideorelacja!"},"content":{"rendered":"<p><strong>Od 1 kwietnia mo\u017cna sk\u0142ada\u0107 wnioski o wsparcie w ramach programu &#8222;Rodzina 500 plus&#8221;. W ostrowskim MOPS-ie tego dnia spodziewane by\u0142y d\u0142ugie kolejki. Rzeczywisto\u015b\u0107 jak na razie jest jednak zupe\u0142nie inna. Wszyscy klienci s\u0105 za\u0142atwiani w kilka minut.<\/strong><\/p>\n<p>W\u0142adze miasta i MOPS zapewniali, \u017ce s\u0105 dobrze przygotowani do startu programu. Na razie nie mo\u017cna im nic zarzuci\u0107. Du\u017ca liczba stanowisk sprawia, \u017ce czas z\u0142o\u017cenia wniosku jest bardzo kr\u00f3tki. Rodzice, kt\u00f3rzy postanowili z\u0142o\u017cy\u0107 w pi\u0105tek osobi\u015bcie dokumenty, nie narzekaj\u0105. Wr\u0119cz przeciwnie, wszyscy podkre\u015blaj\u0105, \u017ce obs\u0142uga jest bardzo sprawna i odbywa si\u0119 w \u015bwietnej atmosferze.<\/p>\n<p>W zwi\u0105zku z realizacj\u0105 programu ostrowski MOPS b\u0119dzie pracowa\u0107 przez najbli\u017csze miesi\u0105ce d\u0142u\u017cej. Od poniedzia\u0142ku do pi\u0105tku do godziny 18:00, a w soboty do 14:00. Mo\u017cliwe jest tak\u017ce sk\u0142adanie wniosk\u00f3w drog\u0105 internetow\u0105 za po\u015brednictwem platformy &#8222;Empatia&#8221; czy bank\u00f3w, kt\u00f3re podpisa\u0142y umow\u0119 na realizacj\u0119 programu.<\/p>\n<p>Zach\u0119camy r\u00f3wnie\u017c do obejrzenia materia\u0142u wideo. Znajd\u0105 w nim Pa\u0144stwo informacje dotycz\u0105ce kwestii organizacyjnych i opinie rodzic\u00f3w, kt\u00f3rzy z\u0142o\u017cenie wniosk\u00f3w maj\u0105 ju\u017c za sob\u0105.<\/p>\n<div style=\"width: 640px;\" class=\"wp-video\"><video class=\"wp-video-shortcode\" id=\"video-705-1\" width=\"640\" height=\"360\" preload=\"metadata\" controls=\"controls\"><source type=\"video\/mp4\" src=\"http:\/\/ostrowska.tv\/wp-content\/uploads\/2016\/04\/mops-500-plus.mp4?_=1\" \/><a href=\"http:\/\/ostrowska.tv\/wp-content\/uploads\/2016\/04\/mops-500-plus.mp4\">http:\/\/ostrowska.tv\/wp-content\/uploads\/2016\/04\/mops-500-plus.mp4<\/a><\/video><\/div>\n<p>&nbsp;<\/p>\n","protected":false},"excerpt":{"rendered":"Od 1 kwietnia mo\u017cna sk\u0142ada\u0107 wnioski o wsparcie w ramach programu &#8222;Rodzina 500 plus&#8221;. W ostrowskim MOPS-ie tego dnia spodziewane by\u0142y d\u0142ugie kolejki. \n<a class=\"moretag\" href=\"https:\/\/ostrowskatv.pl\/?p=705\"> [...]<\/a>","protected":false},"author":1,"featured_media":706,"comment_status":"open","ping_status":"open","sticky":false,"template":"","format":"standard","meta":{"footnotes":""},"categories":[1],"tags":[2],"class_list":["post-705","post","type-post","status-publish","format-standard","has-post-thumbnail","hentry","category-news","tag-ostrow-wielkopolski"],"_links":{"self":[{"href":"https:\/\/ostrowskatv.pl\/index.php?rest_route=\/wp\/v2\/posts\/705","targetHints":{"allow":["GET"]}}],"collection":[{"href":"https:\/\/ostrowskatv.pl\/index.php?rest_route=\/wp\/v2\/posts"}],"about":[{"href":"https:\/\/ostrowskatv.pl\/index.php?rest_route=\/wp\/v2\/types\/post"}],"author":[{"embeddable":true,"href":"https:\/\/ostrowskatv.pl\/index.php?rest_route=\/wp\/v2\/users\/1"}],"replies":[{"embeddable":true,"href":"https:\/\/ostrowskatv.pl\/index.php?rest_route=%2Fwp%2Fv2%2Fcomments&post=705"}],"version-history":[{"count":0,"href":"https:\/\/ostrowskatv.pl\/index.php?rest_route=\/wp\/v2\/posts\/705\/revisions"}],"wp:featuredmedia":[{"embeddable":true,"href":"https:\/\/ostrowskatv.pl\/index.php?rest_route=\/wp\/v2\/media\/706"}],"wp:attachment":[{"href":"https:\/\/ostrowskatv.pl\/index.php?rest_route=%2Fwp%2Fv2%2Fmedia&parent=705"}],"wp:term":[{"taxonomy":"category","embeddable":true,"href":"https:\/\/ostrowskatv.pl\/index.php?rest_route=%2Fwp%2Fv2%2Fcategories&post=705"},{"taxonomy":"post_tag","embeddable":true,"href":"https:\/\/ostrowskatv.pl\/index.php?rest_route=%2Fwp%2Fv2%2Ftags&post=705"}],"curies":[{"name":"wp","href":"https:\/\/api.w.org\/{rel}","templated":true}]}}