{"id":7027,"date":"2018-08-18T22:00:35","date_gmt":"2018-08-18T21:00:35","guid":{"rendered":"http:\/\/ostrowska.tv\/?p=7027"},"modified":"2018-08-18T22:00:35","modified_gmt":"2018-08-18T21:00:35","slug":"ostrowianka-zostala-szefowa-mlodziezowki-platformy-obywatelskiej","status":"publish","type":"post","link":"https:\/\/ostrowskatv.pl\/?p=7027","title":{"rendered":"Ostrowianka zosta\u0142a szefow\u0105 m\u0142odzie\u017c\u00f3wki Platformy Obywatelskiej"},"content":{"rendered":"<p><strong>Po raz pierwszy w historii przewodnicz\u0105c\u0105 stowarzyszenia M\u0142odzi Demokracji, b\u0119d\u0105cym m\u0142odzie\u017c\u00f3wk\u0105 partii Platforma Obywatelska, zosta\u0142a kobieta. Zosta\u0142a ni\u0105 Milena Kowalska, radna miejska z list PO. Zdoby\u0142a 55 g\u0142os\u00f3w, a drugi kandydat 19.<\/strong><\/p>\n<p>Podczas mijaj\u0105cego weekendu, po raz drugi w Ostrowie Wielkopolskim, odby\u0142 si\u0119 zjazd delegat\u00f3w M\u0142odych Demokrat\u00f3w z ca\u0142ej Polski. Lokalni dzia\u0142acze tego stowarzyszenia, byli gospodarzami r\u00f3wnie\u017c dwa lata temu.<\/p>\n<p>Przed dokonaniem wyboru, odby\u0142a si\u0119 dyskusja, podczas kt\u00f3rej kandydaci odpowiadali na pytania innych cz\u0142onk\u00f3w stowarzyszenia.<\/p>\n<p>Stowarzyszenie \u201eM\u0142odzi Demokraci\u201d powsta\u0142o w 1994 z po\u0142\u0105czenia m\u0142odzie\u017cowych organizacji Unii Demokratycznej \u2013 Forum M\u0142odych UD i Kongresu Liberalno-Demokratycznego \u2013 Stowarzyszenie M\u0142odzi Libera\u0142owie. W 2001 roku Stowarzyszenie \u201eM\u0142odzi Demokraci\u201d zerwa\u0142o wsp\u00f3\u0142prac\u0119 z Uni\u0105 Wolno\u015bci i podpisa\u0142o umow\u0119 stowarzyszeniow\u0105 z Platform\u0105 Obywatelsk\u0105. Nast\u0105pi\u0142 roz\u0142am, w wyniku kt\u00f3rego powsta\u0142o Stowarzyszenie \u201eM\u0142ode Centrum\u201d, kt\u00f3re pozosta\u0142o przy UW. SMD ma ok. 3000 cz\u0142onk\u00f3w w wieku 13\u201335 lat zrzeszonych w 16 regionach i ponad 160 ko\u0142ach lokalnych.<\/p>\n<div id='gallery-1' class='gallery galleryid-7027 gallery-columns-3 gallery-size-thumbnail'><figure class='gallery-item'>\n\t\t\t<div class='gallery-icon landscape'>\n\t\t\t\t<a href='https:\/\/ostrowskatv.pl\/?attachment_id=7030'><img loading=\"lazy\" decoding=\"async\" width=\"150\" height=\"150\" src=\"https:\/\/ostrowskatv.pl\/wp-content\/uploads\/2018\/08\/kowalska-milena3-150x150.jpg\" class=\"attachment-thumbnail size-thumbnail\" alt=\"\" \/><\/a>\n\t\t\t<\/div><\/figure><figure class='gallery-item'>\n\t\t\t<div class='gallery-icon landscape'>\n\t\t\t\t<a href='https:\/\/ostrowskatv.pl\/?attachment_id=7029'><img loading=\"lazy\" decoding=\"async\" width=\"150\" height=\"150\" src=\"https:\/\/ostrowskatv.pl\/wp-content\/uploads\/2018\/08\/kowalska-milena2-150x150.jpg\" class=\"attachment-thumbnail size-thumbnail\" alt=\"\" \/><\/a>\n\t\t\t<\/div><\/figure><figure class='gallery-item'>\n\t\t\t<div class='gallery-icon landscape'>\n\t\t\t\t<a href='https:\/\/ostrowskatv.pl\/?attachment_id=7028'><img loading=\"lazy\" decoding=\"async\" width=\"150\" height=\"150\" src=\"https:\/\/ostrowskatv.pl\/wp-content\/uploads\/2018\/08\/kowalska-milena1-150x150.jpg\" class=\"attachment-thumbnail size-thumbnail\" alt=\"\" \/><\/a>\n\t\t\t<\/div><\/figure>\n\t\t<\/div>\n\n","protected":false},"excerpt":{"rendered":"Po raz pierwszy w historii przewodnicz\u0105c\u0105 stowarzyszenia M\u0142odzi Demokracji, b\u0119d\u0105cym m\u0142odzie\u017c\u00f3wk\u0105 partii Platforma Obywatelska, zosta\u0142a kobieta. Zosta\u0142a ni\u0105 Milena Kowalska, radna miejska z \n<a class=\"moretag\" href=\"https:\/\/ostrowskatv.pl\/?p=7027\"> [...]<\/a>","protected":false},"author":1,"featured_media":7030,"comment_status":"open","ping_status":"closed","sticky":false,"template":"","format":"standard","meta":{"footnotes":""},"categories":[1],"tags":[2],"class_list":["post-7027","post","type-post","status-publish","format-standard","has-post-thumbnail","hentry","category-news","tag-ostrow-wielkopolski"],"_links":{"self":[{"href":"https:\/\/ostrowskatv.pl\/index.php?rest_route=\/wp\/v2\/posts\/7027","targetHints":{"allow":["GET"]}}],"collection":[{"href":"https:\/\/ostrowskatv.pl\/index.php?rest_route=\/wp\/v2\/posts"}],"about":[{"href":"https:\/\/ostrowskatv.pl\/index.php?rest_route=\/wp\/v2\/types\/post"}],"author":[{"embeddable":true,"href":"https:\/\/ostrowskatv.pl\/index.php?rest_route=\/wp\/v2\/users\/1"}],"replies":[{"embeddable":true,"href":"https:\/\/ostrowskatv.pl\/index.php?rest_route=%2Fwp%2Fv2%2Fcomments&post=7027"}],"version-history":[{"count":0,"href":"https:\/\/ostrowskatv.pl\/index.php?rest_route=\/wp\/v2\/posts\/7027\/revisions"}],"wp:featuredmedia":[{"embeddable":true,"href":"https:\/\/ostrowskatv.pl\/index.php?rest_route=\/wp\/v2\/media\/7030"}],"wp:attachment":[{"href":"https:\/\/ostrowskatv.pl\/index.php?rest_route=%2Fwp%2Fv2%2Fmedia&parent=7027"}],"wp:term":[{"taxonomy":"category","embeddable":true,"href":"https:\/\/ostrowskatv.pl\/index.php?rest_route=%2Fwp%2Fv2%2Fcategories&post=7027"},{"taxonomy":"post_tag","embeddable":true,"href":"https:\/\/ostrowskatv.pl\/index.php?rest_route=%2Fwp%2Fv2%2Ftags&post=7027"}],"curies":[{"name":"wp","href":"https:\/\/api.w.org\/{rel}","templated":true}]}}