{"id":7001,"date":"2018-08-16T20:09:22","date_gmt":"2018-08-16T19:09:22","guid":{"rendered":"http:\/\/ostrowska.tv\/?p=7001"},"modified":"2018-08-16T20:09:22","modified_gmt":"2018-08-16T19:09:22","slug":"nowe-rondo-pierwsza-kolizja","status":"publish","type":"post","link":"https:\/\/ostrowskatv.pl\/?p=7001","title":{"rendered":"Nowe rondo &#8211; pierwsza kolizja"},"content":{"rendered":"<p><strong>Ledwo otwarto nowe rondo przy Parku Miejskim, a ju\u017c dosz\u0142o do pierwszej kolizji. W czwartkowe popo\u0142udnie zderzy\u0142y si\u0119 dwa Volkswageny Passaty. Wyj\u0105tkowo nie wezwano policji, poniewa\u017c kierowcy stwierdzili, \u017ce lepiej wyjd\u0105 na spisaniu o\u015bwiadcze\u0144.<\/strong><\/p>\n<p>P\u0142askie jak placek ronda sprzyjaj\u0105 szybkiemu przeje\u017cd\u017caniu przez nie. To rozwi\u0105zanie cho\u0107 przyjazne dla autobus\u00f3w, mo\u017ce \u015brednio zwi\u0119ksza\u0107 bezpiecze\u0144stwo dla pozosta\u0142ych u\u017cytkownik\u00f3w dr\u00f3g. Tym razem jeden z kierowc\u00f3w Volkswagena niezbyt uwa\u017cnie wjecha\u0142 na to mini rondo i doprowadzi\u0142 do zderzenia z drugim pojazdem. Na szcz\u0119\u015bcie nikomu nic si\u0119 nie sta\u0142o.<\/p>\n<p>Kierowcy postanowili spisa\u0107 dobrowolne o\u015bwiadczenia o przebiegu kolizji. Dzi\u0119ki temu policja nie zabra\u0142a dowod\u00f3w rejestracyjnych, z powodu widocznych i potencjalnie zagra\u017caj\u0105cych bezpiecze\u0144stwu uszkodze\u0144 aut.Sprawca kolizji unikn\u0105\u0142 r\u00f3wnie\u017c mandatu karnego w kwocie 250-500 z\u0142 i 6 punkt\u00f3w karnych. Przy tej okazji nale\u017cy przypomnie\u0107, \u017ce teoretycznie funkcjonariusze policji mog\u0105 upomnie\u0107 sprawc\u0119 kolizji, jednak\u017ce zdarza si\u0119 to niezwykle rzadko.<\/p>\n<div id='gallery-1' class='gallery galleryid-7001 gallery-columns-3 gallery-size-thumbnail'><figure class='gallery-item'>\n\t\t\t<div class='gallery-icon landscape'>\n\t\t\t\t<a href='https:\/\/ostrowskatv.pl\/?attachment_id=7004'><img loading=\"lazy\" decoding=\"async\" width=\"150\" height=\"150\" src=\"https:\/\/ostrowskatv.pl\/wp-content\/uploads\/2018\/08\/IMG_20180816_180406-150x150.jpg\" class=\"attachment-thumbnail size-thumbnail\" alt=\"\" \/><\/a>\n\t\t\t<\/div><\/figure><figure class='gallery-item'>\n\t\t\t<div class='gallery-icon landscape'>\n\t\t\t\t<a href='https:\/\/ostrowskatv.pl\/?attachment_id=7003'><img loading=\"lazy\" decoding=\"async\" width=\"150\" height=\"150\" src=\"https:\/\/ostrowskatv.pl\/wp-content\/uploads\/2018\/08\/IMG_20180816_180314-150x150.jpg\" class=\"attachment-thumbnail size-thumbnail\" alt=\"\" \/><\/a>\n\t\t\t<\/div><\/figure><figure class='gallery-item'>\n\t\t\t<div class='gallery-icon landscape'>\n\t\t\t\t<a href='https:\/\/ostrowskatv.pl\/?attachment_id=7002'><img loading=\"lazy\" decoding=\"async\" width=\"150\" height=\"150\" src=\"https:\/\/ostrowskatv.pl\/wp-content\/uploads\/2018\/08\/IMG_20180816_180301-150x150.jpg\" class=\"attachment-thumbnail size-thumbnail\" alt=\"\" \/><\/a>\n\t\t\t<\/div><\/figure>\n\t\t<\/div>\n\n","protected":false},"excerpt":{"rendered":"Ledwo otwarto nowe rondo przy Parku Miejskim, a ju\u017c dosz\u0142o do pierwszej kolizji. W czwartkowe popo\u0142udnie zderzy\u0142y si\u0119 dwa Volkswageny Passaty. Wyj\u0105tkowo nie \n<a class=\"moretag\" href=\"https:\/\/ostrowskatv.pl\/?p=7001\"> [...]<\/a>","protected":false},"author":1,"featured_media":7003,"comment_status":"open","ping_status":"closed","sticky":false,"template":"","format":"standard","meta":{"footnotes":""},"categories":[1],"tags":[2],"class_list":["post-7001","post","type-post","status-publish","format-standard","has-post-thumbnail","hentry","category-news","tag-ostrow-wielkopolski"],"_links":{"self":[{"href":"https:\/\/ostrowskatv.pl\/index.php?rest_route=\/wp\/v2\/posts\/7001","targetHints":{"allow":["GET"]}}],"collection":[{"href":"https:\/\/ostrowskatv.pl\/index.php?rest_route=\/wp\/v2\/posts"}],"about":[{"href":"https:\/\/ostrowskatv.pl\/index.php?rest_route=\/wp\/v2\/types\/post"}],"author":[{"embeddable":true,"href":"https:\/\/ostrowskatv.pl\/index.php?rest_route=\/wp\/v2\/users\/1"}],"replies":[{"embeddable":true,"href":"https:\/\/ostrowskatv.pl\/index.php?rest_route=%2Fwp%2Fv2%2Fcomments&post=7001"}],"version-history":[{"count":0,"href":"https:\/\/ostrowskatv.pl\/index.php?rest_route=\/wp\/v2\/posts\/7001\/revisions"}],"wp:featuredmedia":[{"embeddable":true,"href":"https:\/\/ostrowskatv.pl\/index.php?rest_route=\/wp\/v2\/media\/7003"}],"wp:attachment":[{"href":"https:\/\/ostrowskatv.pl\/index.php?rest_route=%2Fwp%2Fv2%2Fmedia&parent=7001"}],"wp:term":[{"taxonomy":"category","embeddable":true,"href":"https:\/\/ostrowskatv.pl\/index.php?rest_route=%2Fwp%2Fv2%2Fcategories&post=7001"},{"taxonomy":"post_tag","embeddable":true,"href":"https:\/\/ostrowskatv.pl\/index.php?rest_route=%2Fwp%2Fv2%2Ftags&post=7001"}],"curies":[{"name":"wp","href":"https:\/\/api.w.org\/{rel}","templated":true}]}}