{"id":70,"date":"2015-12-23T15:25:08","date_gmt":"2015-12-23T14:25:08","guid":{"rendered":"http:\/\/ostrowska.tv\/?p=70"},"modified":"2015-12-23T15:25:08","modified_gmt":"2015-12-23T14:25:08","slug":"bezplatna-szatnia-w-komedzie-nie-ma-szans","status":"publish","type":"post","link":"https:\/\/ostrowskatv.pl\/?p=70","title":{"rendered":"Bezp\u0142atna szatnia w Komedzie? Nie ma szans"},"content":{"rendered":"<p><strong>Do naszej redakcji zg\u0142osi\u0142 si\u0119 jeden z widz\u00f3w, a jednocze\u015bnie klient Kina Komeda, kt\u00f3ry zaproponowa\u0142 rezygnacj\u0119 z op\u0142aty za szatni\u0119 lub doliczenie jej do ceny biletu. Sprawdzili\u015bmy, czy jest na to szansa.<\/strong><\/p>\n<p>Bezp\u0142atna szatnia funkcjonuje mi\u0119dzy innymi w Ostrowskim Centrum Kultury. Teoretycznie na podobny zabieg mo\u017cna by zdecydowa\u0107 si\u0119 r\u00f3wnie\u017c w Komedzie. Nie ma na to jednak szans.<em> &#8211; Zasadnicza r\u00f3\u017cnica pomi\u0119dzy form\u0105 dzia\u0142alno\u015bci OCK i Kina KOMEDA 3D polega na tym, \u017ce dzia\u0142alno\u015b\u0107 OCK opiera si\u0119 na statucie, kino prowadzi swoj\u0105 dzia\u0142alno\u015b\u0107 w oparciu o uwarunkowania komercyjne<\/em> \u2013 m\u00f3wi w rozmowie z nasz\u0105 redakcj\u0105<strong> Sebastian G\u00f3rski<\/strong>, szef OCK.<\/p>\n<p>Jak zreszt\u0105 podkre\u015bla, op\u0142ata za szatni\u0119 w Komedzie jest symboliczna i sporadyczna, ale dla ca\u0142orocznego bud\u017cetu to wa\u017cna pozycja. &#8211; <em>W OCK nie jest pobierana op\u0142ata za korzystanie z szatni, w Kinie Komeda w soboty i niedziele, sporadycznie w pi\u0105tki (zawsze podczas wynajmu kina) szatnia jest odp\u0142atna (1 z\u0142). Wp\u0142ywy z szatni przeznaczone s\u0105 na sta\u0142e koszty utrzymania kina, stanowi\u0105 ok. 5% przychod\u00f3w kina. W najbli\u017cszym czasie nie przewiduj\u0119 rezygnacji z takiej formy op\u0142at za korzystanie z szatni<\/em> \u2013 podkre\u015bli\u0142 <strong>G\u00f3rski.<\/strong><\/p>\n<p>Szef OCK t\u0142umaczy r\u00f3wnie\u017c, \u017ce nie ma mo\u017cliwo\u015bci, by op\u0142at\u0119 za szatni\u0119 doliczy\u0107 do ceny biletu. <em>&#8211; Do ceny biletu odprowadzane s\u0105 obowi\u0105zkowe op\u0142aty: 50 % dla dystrybutora film\u00f3w, 1,5 % dla PISF, 1,15 % dla ZAiKS, 0,95 % dla SFP. W cenie biletu zawarty jest tak\u017ce 8% podatek VAT. Nale\u017cy ponadto pami\u0119ta\u0107 o rosn\u0105cej liczbie bilet\u00f3w kupowanych na kart\u0119 \u201eRodziny 3+\u201d i kart\u0119 \u201eSeniora\u201d. Szatnia czynna jest jedynie w okresie od pa\u017adziernika do marca, nie jest przy tym obowi\u0105zkowa<\/em> \u2013 dodaje na zako\u0144czenie <strong>G\u00f3rski.<\/strong><\/p>\n","protected":false},"excerpt":{"rendered":"Do naszej redakcji zg\u0142osi\u0142 si\u0119 jeden z widz\u00f3w, a jednocze\u015bnie klient Kina Komeda, kt\u00f3ry zaproponowa\u0142 rezygnacj\u0119 z op\u0142aty za szatni\u0119 lub doliczenie jej \n<a class=\"moretag\" href=\"https:\/\/ostrowskatv.pl\/?p=70\"> [...]<\/a>","protected":false},"author":1,"featured_media":71,"comment_status":"open","ping_status":"open","sticky":false,"template":"","format":"standard","meta":{"footnotes":""},"categories":[1],"tags":[14,2],"class_list":["post-70","post","type-post","status-publish","format-standard","has-post-thumbnail","hentry","category-news","tag-kino","tag-ostrow-wielkopolski"],"_links":{"self":[{"href":"https:\/\/ostrowskatv.pl\/index.php?rest_route=\/wp\/v2\/posts\/70","targetHints":{"allow":["GET"]}}],"collection":[{"href":"https:\/\/ostrowskatv.pl\/index.php?rest_route=\/wp\/v2\/posts"}],"about":[{"href":"https:\/\/ostrowskatv.pl\/index.php?rest_route=\/wp\/v2\/types\/post"}],"author":[{"embeddable":true,"href":"https:\/\/ostrowskatv.pl\/index.php?rest_route=\/wp\/v2\/users\/1"}],"replies":[{"embeddable":true,"href":"https:\/\/ostrowskatv.pl\/index.php?rest_route=%2Fwp%2Fv2%2Fcomments&post=70"}],"version-history":[{"count":0,"href":"https:\/\/ostrowskatv.pl\/index.php?rest_route=\/wp\/v2\/posts\/70\/revisions"}],"wp:featuredmedia":[{"embeddable":true,"href":"https:\/\/ostrowskatv.pl\/index.php?rest_route=\/wp\/v2\/media\/71"}],"wp:attachment":[{"href":"https:\/\/ostrowskatv.pl\/index.php?rest_route=%2Fwp%2Fv2%2Fmedia&parent=70"}],"wp:term":[{"taxonomy":"category","embeddable":true,"href":"https:\/\/ostrowskatv.pl\/index.php?rest_route=%2Fwp%2Fv2%2Fcategories&post=70"},{"taxonomy":"post_tag","embeddable":true,"href":"https:\/\/ostrowskatv.pl\/index.php?rest_route=%2Fwp%2Fv2%2Ftags&post=70"}],"curies":[{"name":"wp","href":"https:\/\/api.w.org\/{rel}","templated":true}]}}