{"id":6813,"date":"2018-08-13T15:14:05","date_gmt":"2018-08-13T14:14:05","guid":{"rendered":"http:\/\/ostrowska.tv\/?p=6813"},"modified":"2018-08-13T15:14:05","modified_gmt":"2018-08-13T14:14:05","slug":"zamordowal-29-latke-osierocila-trojke-dzieci","status":"publish","type":"post","link":"https:\/\/ostrowskatv.pl\/?p=6813","title":{"rendered":"Zamordowa\u0142 29-latk\u0119. Osieroci\u0142a tr\u00f3jk\u0119 dzieci"},"content":{"rendered":"<p><strong>Mi\u0142o\u015b\u0107 pomi\u0119dzy 25-letnim Konradem, a 29-letni\u0105 Eliz\u0105 sko\u0144czy\u0142a si\u0119 tragicznie dla kobiety. W sobot\u0119 zosta\u0142a zamordowana w jego mieszkaniu. Kobieta osieroci\u0142a tr\u00f3jk\u0119 dzieci z poprzedniego zwi\u0105zku.<\/strong><\/p>\n<p>Wczesnym popo\u0142udniem Konrad, zamieszkuj\u0105cy w Kaliszu przy ul. Harcerskiej, dopad\u0142 swoj\u0105 partnerk\u0119 i zacz\u0105\u0142 j\u0105 ok\u0142ada\u0107 na ulicy. Z pomoc\u0105 ruszyli przypadkowi \u015bwiadkowie zdarzenia. Kobieta wr\u00f3ci\u0142a do mieszkania w kamienicy, a Konrad oddali\u0142 si\u0119 w jedn\u0105 z bocznych ulic. Po pewnej chwili postanowi\u0142 wr\u00f3ci\u0107 do mieszkania. Nie m\u00f3g\u0142 otworzy\u0107 drzwi od kamienicy, dlatego je roztrzaska\u0142. Dosta\u0142 si\u0119 do mieszkania i udusi\u0142 29-letni\u0105 kobiet\u0119. Obok na \u0142\u00f3\u017cku spa\u0142 ich przyjaciel 36-letni m\u0119\u017cczyzna. Mia\u0142 2,5 promila i dopiero wykonuj\u0105cy ogl\u0119dziny policjanci postanowili go obudzi\u0107. Sprawca tu\u017c po zdarzeniu mia\u0142 nieca\u0142e 0,2 promila i sam zg\u0142osi\u0142 na policj\u0119 morderstwo.<\/p>\n<p>M\u0119\u017cczyzn\u0119 dzisiaj aresztowano na co najmniej 3 miesi\u0105ce z uwagi na gro\u017c\u0105cy mu wysoki wyrok. Kilka dni wcze\u015bniej mia\u0142 opu\u015bci\u0107 zak\u0142ad psychiatryczny. W pa\u017adzierniku 2017 r. biega\u0142 po ulicy z no\u017cem i grozi\u0142 jego u\u017cyciem. S\u0105siadka ostrzega\u0142a zamordowan\u0105 Eliz\u0119, \u017ceby odesz\u0142a od Konrada, poniewa\u017c grozi jej pobicie lub nawet \u015bmier\u0107. Ta mia\u0142a odpowiedzie\u0107, \u017ce si\u0119 go nie boi.<\/p>\n<p>36-latek opowiedzia\u0142 nam, \u017ce napis &#8222;Kocham Ciebie Eliza&#8221; musia\u0142 zrobi\u0107 kto\u015b inny, poniewa\u017c charakter pisma nie pasowa\u0142 do Konrada. Niewykluczone, \u017ce zab\u00f3jca w poczuciu niewierno\u015bci partnerki, wymierzy\u0142 jej kar\u0119.<\/p>\n<p>M\u0119\u017cczyzna na sw\u00f3j profil na Facebooku ch\u0119tnie wrzuca\u0142 zdj\u0119cia z zak\u0142ad\u00f3w psychiatrycznych, a tak\u017ce mocne zdj\u0119cia poci\u0119tych r\u0105k (widok dla os\u00f3b odpornych).<\/p>\n<div id='gallery-1' class='gallery galleryid-6813 gallery-columns-3 gallery-size-thumbnail'><figure class='gallery-item'>\n\t\t\t<div class='gallery-icon landscape'>\n\t\t\t\t<a href='https:\/\/ostrowskatv.pl\/?attachment_id=6819'><img loading=\"lazy\" decoding=\"async\" width=\"150\" height=\"150\" src=\"https:\/\/ostrowskatv.pl\/wp-content\/uploads\/2018\/08\/kocham_eliza02-150x150.jpg\" class=\"attachment-thumbnail size-thumbnail\" alt=\"\" \/><\/a>\n\t\t\t<\/div><\/figure><figure class='gallery-item'>\n\t\t\t<div class='gallery-icon landscape'>\n\t\t\t\t<a href='https:\/\/ostrowskatv.pl\/?attachment_id=6818'><img loading=\"lazy\" decoding=\"async\" width=\"150\" height=\"150\" src=\"https:\/\/ostrowskatv.pl\/wp-content\/uploads\/2018\/08\/kocham_eliza-150x150.jpg\" class=\"attachment-thumbnail size-thumbnail\" alt=\"\" \/><\/a>\n\t\t\t<\/div><\/figure><figure class='gallery-item'>\n\t\t\t<div class='gallery-icon landscape'>\n\t\t\t\t<a href='https:\/\/ostrowskatv.pl\/?attachment_id=6817'><img loading=\"lazy\" decoding=\"async\" width=\"150\" height=\"150\" src=\"https:\/\/ostrowskatv.pl\/wp-content\/uploads\/2018\/08\/35665674_609459832772051_4304282723582738432_n-150x150.jpg\" class=\"attachment-thumbnail size-thumbnail\" alt=\"\" \/><\/a>\n\t\t\t<\/div><\/figure><figure class='gallery-item'>\n\t\t\t<div class='gallery-icon landscape'>\n\t\t\t\t<a href='https:\/\/ostrowskatv.pl\/?attachment_id=6816'><img loading=\"lazy\" decoding=\"async\" width=\"150\" height=\"150\" src=\"https:\/\/ostrowskatv.pl\/wp-content\/uploads\/2018\/08\/35387794_606495149735186_3275205643178344448_o-150x150.jpg\" class=\"attachment-thumbnail size-thumbnail\" alt=\"\" \/><\/a>\n\t\t\t<\/div><\/figure><figure class='gallery-item'>\n\t\t\t<div class='gallery-icon landscape'>\n\t\t\t\t<a href='https:\/\/ostrowskatv.pl\/?attachment_id=6815'><img loading=\"lazy\" decoding=\"async\" width=\"150\" height=\"150\" src=\"https:\/\/ostrowskatv.pl\/wp-content\/uploads\/2018\/08\/35300613_606160679768633_7212189742929018880_o-150x150.jpg\" class=\"attachment-thumbnail size-thumbnail\" alt=\"\" \/><\/a>\n\t\t\t<\/div><\/figure><figure class='gallery-item'>\n\t\t\t<div class='gallery-icon landscape'>\n\t\t\t\t<a href='https:\/\/ostrowskatv.pl\/?attachment_id=6814'><img loading=\"lazy\" decoding=\"async\" width=\"150\" height=\"150\" src=\"https:\/\/ostrowskatv.pl\/wp-content\/uploads\/2018\/08\/14067884_269542230097477_4648618798373065981_o-150x150.jpg\" class=\"attachment-thumbnail size-thumbnail\" alt=\"\" \/><\/a>\n\t\t\t<\/div><\/figure>\n\t\t<\/div>\n\n","protected":false},"excerpt":{"rendered":"Mi\u0142o\u015b\u0107 pomi\u0119dzy 25-letnim Konradem, a 29-letni\u0105 Eliz\u0105 sko\u0144czy\u0142a si\u0119 tragicznie dla kobiety. W sobot\u0119 zosta\u0142a zamordowana w jego mieszkaniu. Kobieta osieroci\u0142a tr\u00f3jk\u0119 dzieci \n<a class=\"moretag\" href=\"https:\/\/ostrowskatv.pl\/?p=6813\"> [...]<\/a>","protected":false},"author":1,"featured_media":6819,"comment_status":"open","ping_status":"closed","sticky":false,"template":"","format":"standard","meta":{"footnotes":""},"categories":[1],"tags":[80],"class_list":["post-6813","post","type-post","status-publish","format-standard","has-post-thumbnail","hentry","category-news","tag-kalisz"],"_links":{"self":[{"href":"https:\/\/ostrowskatv.pl\/index.php?rest_route=\/wp\/v2\/posts\/6813","targetHints":{"allow":["GET"]}}],"collection":[{"href":"https:\/\/ostrowskatv.pl\/index.php?rest_route=\/wp\/v2\/posts"}],"about":[{"href":"https:\/\/ostrowskatv.pl\/index.php?rest_route=\/wp\/v2\/types\/post"}],"author":[{"embeddable":true,"href":"https:\/\/ostrowskatv.pl\/index.php?rest_route=\/wp\/v2\/users\/1"}],"replies":[{"embeddable":true,"href":"https:\/\/ostrowskatv.pl\/index.php?rest_route=%2Fwp%2Fv2%2Fcomments&post=6813"}],"version-history":[{"count":0,"href":"https:\/\/ostrowskatv.pl\/index.php?rest_route=\/wp\/v2\/posts\/6813\/revisions"}],"wp:featuredmedia":[{"embeddable":true,"href":"https:\/\/ostrowskatv.pl\/index.php?rest_route=\/wp\/v2\/media\/6819"}],"wp:attachment":[{"href":"https:\/\/ostrowskatv.pl\/index.php?rest_route=%2Fwp%2Fv2%2Fmedia&parent=6813"}],"wp:term":[{"taxonomy":"category","embeddable":true,"href":"https:\/\/ostrowskatv.pl\/index.php?rest_route=%2Fwp%2Fv2%2Fcategories&post=6813"},{"taxonomy":"post_tag","embeddable":true,"href":"https:\/\/ostrowskatv.pl\/index.php?rest_route=%2Fwp%2Fv2%2Ftags&post=6813"}],"curies":[{"name":"wp","href":"https:\/\/api.w.org\/{rel}","templated":true}]}}