{"id":6810,"date":"2018-08-10T12:04:57","date_gmt":"2018-08-10T11:04:57","guid":{"rendered":"http:\/\/ostrowska.tv\/?p=6810"},"modified":"2018-08-10T12:04:57","modified_gmt":"2018-08-10T11:04:57","slug":"zarzuty-za-niebezpieczne-przetwarzanie-odpadow","status":"publish","type":"post","link":"https:\/\/ostrowskatv.pl\/?p=6810","title":{"rendered":"Zarzuty za niebezpieczne przetwarzanie odpad\u00f3w"},"content":{"rendered":"<p><strong>Policja w Ostrowie Wlkp. wykona\u0142a czynno\u015bci w trybie art. 308 kpk &#8211; czyli tzw. dochodzenie w niezb\u0119dnym zakresie i przedstawi\u0142a Prokuraturze Rejonowej w Ostrowie Wlkp. materia\u0142y stanowi\u0105ce wynik tych czynno\u015bci.<\/strong><\/p>\n<p>Prokurator Rejonowy postanowi\u0142 w dniu 8 sierpnia o postawieniu zarzut\u00f3w 57-letniemu mieszka\u0144cowi Ostrowa Wlkp. tj. pope\u0142nienia przest\u0119pstwa z art. 183 par. 1 kodeksu karnego.<br \/>\nPrzest\u0119pstwo polega\u0142o na tym, \u017ce m\u0119\u017cczyzna sk\u0142adowa\u0142 odpady, a nast\u0119pnie dokonywa\u0142 ich odzysku w taki spos\u00f3b, \u017ce mog\u0142o to zagrozi\u0107 \u017cyciu i zdrowiu cz\u0142owieka lub spowodowa\u0107 obni\u017cenie jako\u015bci wody, powietrza lub powierzchni ziemi. To przest\u0119pstwo zagro\u017cone jest kar\u0105 od 3 miesi\u0119cy do 5 lat pozbawienia wolno\u015bci.<\/p>\n<p>Prokurator zdecydowa\u0142 o zastosowaniu dozoru policji &#8211; raz w tygodniu &#8211; oraz por\u0119czenia maj\u0105tkowego w kwocie 30 tys. z\u0142. M\u0119\u017cczyzna przyzna\u0142 si\u0119 do zarzucanych mu czyn\u00f3w.<\/p>\n","protected":false},"excerpt":{"rendered":"Policja w Ostrowie Wlkp. wykona\u0142a czynno\u015bci w trybie art. 308 kpk &#8211; czyli tzw. dochodzenie w niezb\u0119dnym zakresie i przedstawi\u0142a Prokuraturze Rejonowej w \n<a class=\"moretag\" href=\"https:\/\/ostrowskatv.pl\/?p=6810\"> [...]<\/a>","protected":false},"author":1,"featured_media":6811,"comment_status":"open","ping_status":"closed","sticky":false,"template":"","format":"standard","meta":{"footnotes":""},"categories":[1],"tags":[2],"class_list":["post-6810","post","type-post","status-publish","format-standard","has-post-thumbnail","hentry","category-news","tag-ostrow-wielkopolski"],"_links":{"self":[{"href":"https:\/\/ostrowskatv.pl\/index.php?rest_route=\/wp\/v2\/posts\/6810","targetHints":{"allow":["GET"]}}],"collection":[{"href":"https:\/\/ostrowskatv.pl\/index.php?rest_route=\/wp\/v2\/posts"}],"about":[{"href":"https:\/\/ostrowskatv.pl\/index.php?rest_route=\/wp\/v2\/types\/post"}],"author":[{"embeddable":true,"href":"https:\/\/ostrowskatv.pl\/index.php?rest_route=\/wp\/v2\/users\/1"}],"replies":[{"embeddable":true,"href":"https:\/\/ostrowskatv.pl\/index.php?rest_route=%2Fwp%2Fv2%2Fcomments&post=6810"}],"version-history":[{"count":0,"href":"https:\/\/ostrowskatv.pl\/index.php?rest_route=\/wp\/v2\/posts\/6810\/revisions"}],"wp:featuredmedia":[{"embeddable":true,"href":"https:\/\/ostrowskatv.pl\/index.php?rest_route=\/wp\/v2\/media\/6811"}],"wp:attachment":[{"href":"https:\/\/ostrowskatv.pl\/index.php?rest_route=%2Fwp%2Fv2%2Fmedia&parent=6810"}],"wp:term":[{"taxonomy":"category","embeddable":true,"href":"https:\/\/ostrowskatv.pl\/index.php?rest_route=%2Fwp%2Fv2%2Fcategories&post=6810"},{"taxonomy":"post_tag","embeddable":true,"href":"https:\/\/ostrowskatv.pl\/index.php?rest_route=%2Fwp%2Fv2%2Ftags&post=6810"}],"curies":[{"name":"wp","href":"https:\/\/api.w.org\/{rel}","templated":true}]}}