{"id":6794,"date":"2018-08-03T03:46:35","date_gmt":"2018-08-03T02:46:35","guid":{"rendered":"http:\/\/ostrowska.tv\/?p=6794"},"modified":"2018-08-03T03:46:35","modified_gmt":"2018-08-03T02:46:35","slug":"pozar-w-ociazu-ewakuowano-pracownikow","status":"publish","type":"post","link":"https:\/\/ostrowskatv.pl\/?p=6794","title":{"rendered":"Po\u017car w Oci\u0105\u017cu. Ewakuowano pracownik\u00f3w"},"content":{"rendered":"<p>Film z przyjazdu stra\u017cy po\u017carnej.<\/p>\n<div style=\"width: 368px;\" class=\"wp-video\"><video class=\"wp-video-shortcode\" id=\"video-6794-1\" width=\"368\" height=\"656\" preload=\"metadata\" controls=\"controls\"><source type=\"video\/mp4\" src=\"http:\/\/ostrowska.tv\/wp-content\/uploads\/2018\/08\/received_2011192252235135.mp4?_=1\" \/><a href=\"http:\/\/ostrowska.tv\/wp-content\/uploads\/2018\/08\/received_2011192252235135.mp4\">http:\/\/ostrowska.tv\/wp-content\/uploads\/2018\/08\/received_2011192252235135.mp4<\/a><\/video><\/div>\n","protected":false},"excerpt":{"rendered":"Film z przyjazdu stra\u017cy po\u017carnej.\n<a class=\"moretag\" href=\"https:\/\/ostrowskatv.pl\/?p=6794\"> [...]<\/a>","protected":false},"author":1,"featured_media":0,"comment_status":"open","ping_status":"closed","sticky":false,"template":"","format":"standard","meta":{"footnotes":""},"categories":[1],"tags":[],"class_list":["post-6794","post","type-post","status-publish","format-standard","hentry","category-news"],"_links":{"self":[{"href":"https:\/\/ostrowskatv.pl\/index.php?rest_route=\/wp\/v2\/posts\/6794","targetHints":{"allow":["GET"]}}],"collection":[{"href":"https:\/\/ostrowskatv.pl\/index.php?rest_route=\/wp\/v2\/posts"}],"about":[{"href":"https:\/\/ostrowskatv.pl\/index.php?rest_route=\/wp\/v2\/types\/post"}],"author":[{"embeddable":true,"href":"https:\/\/ostrowskatv.pl\/index.php?rest_route=\/wp\/v2\/users\/1"}],"replies":[{"embeddable":true,"href":"https:\/\/ostrowskatv.pl\/index.php?rest_route=%2Fwp%2Fv2%2Fcomments&post=6794"}],"version-history":[{"count":0,"href":"https:\/\/ostrowskatv.pl\/index.php?rest_route=\/wp\/v2\/posts\/6794\/revisions"}],"wp:attachment":[{"href":"https:\/\/ostrowskatv.pl\/index.php?rest_route=%2Fwp%2Fv2%2Fmedia&parent=6794"}],"wp:term":[{"taxonomy":"category","embeddable":true,"href":"https:\/\/ostrowskatv.pl\/index.php?rest_route=%2Fwp%2Fv2%2Fcategories&post=6794"},{"taxonomy":"post_tag","embeddable":true,"href":"https:\/\/ostrowskatv.pl\/index.php?rest_route=%2Fwp%2Fv2%2Ftags&post=6794"}],"curies":[{"name":"wp","href":"https:\/\/api.w.org\/{rel}","templated":true}]}}