{"id":6771,"date":"2018-08-01T21:10:46","date_gmt":"2018-08-01T20:10:46","guid":{"rendered":"http:\/\/ostrowska.tv\/?p=6771"},"modified":"2018-08-01T21:10:46","modified_gmt":"2018-08-01T20:10:46","slug":"7-latek-wypadl-z-balkonu","status":"publish","type":"post","link":"https:\/\/ostrowskatv.pl\/?p=6771","title":{"rendered":"7-latek wypad\u0142 z balkonu"},"content":{"rendered":"<p><strong>Do nieszcz\u0119\u015bliwego wypadku dosz\u0142o w \u015brodowy wiecz\u00f3r w budynku przy ul. Profesora Kaliny w Ostrowie Wielkopolskim. Przed godzin\u0105 21.00 pogotowie ratunkowe i policja zosta\u0142y powiadomione o wypadni\u0119ciu 7-letniego ch\u0142opca z balkonu.<\/strong><\/p>\n<p>Medycy zabrali na noszach rannego ch\u0142opca i przewie\u017ali do ostrowskiego szpitala. Tam zosta\u0142 poddany szczeg\u00f3\u0142owej diagnostyce.<\/p>\n<div id='gallery-1' class='gallery galleryid-6771 gallery-columns-3 gallery-size-thumbnail'><figure class='gallery-item'>\n\t\t\t<div class='gallery-icon landscape'>\n\t\t\t\t<a href='https:\/\/ostrowskatv.pl\/?attachment_id=6772'><img loading=\"lazy\" decoding=\"async\" width=\"150\" height=\"150\" src=\"https:\/\/ostrowskatv.pl\/wp-content\/uploads\/2018\/08\/IMG_20180801_205412-150x150.jpg\" class=\"attachment-thumbnail size-thumbnail\" alt=\"\" \/><\/a>\n\t\t\t<\/div><\/figure><figure class='gallery-item'>\n\t\t\t<div class='gallery-icon landscape'>\n\t\t\t\t<a href='https:\/\/ostrowskatv.pl\/?attachment_id=6773'><img loading=\"lazy\" decoding=\"async\" width=\"150\" height=\"150\" src=\"https:\/\/ostrowskatv.pl\/wp-content\/uploads\/2018\/08\/IMG_20180801_205402-150x150.jpg\" class=\"attachment-thumbnail size-thumbnail\" alt=\"\" \/><\/a>\n\t\t\t<\/div><\/figure>\n\t\t<\/div>\n\n","protected":false},"excerpt":{"rendered":"Do nieszcz\u0119\u015bliwego wypadku dosz\u0142o w \u015brodowy wiecz\u00f3r w budynku przy ul. Profesora Kaliny w Ostrowie Wielkopolskim. Przed godzin\u0105 21.00 pogotowie ratunkowe i policja \n<a class=\"moretag\" href=\"https:\/\/ostrowskatv.pl\/?p=6771\"> [...]<\/a>","protected":false},"author":1,"featured_media":6772,"comment_status":"open","ping_status":"closed","sticky":false,"template":"","format":"standard","meta":{"footnotes":""},"categories":[1],"tags":[2],"class_list":["post-6771","post","type-post","status-publish","format-standard","has-post-thumbnail","hentry","category-news","tag-ostrow-wielkopolski"],"_links":{"self":[{"href":"https:\/\/ostrowskatv.pl\/index.php?rest_route=\/wp\/v2\/posts\/6771","targetHints":{"allow":["GET"]}}],"collection":[{"href":"https:\/\/ostrowskatv.pl\/index.php?rest_route=\/wp\/v2\/posts"}],"about":[{"href":"https:\/\/ostrowskatv.pl\/index.php?rest_route=\/wp\/v2\/types\/post"}],"author":[{"embeddable":true,"href":"https:\/\/ostrowskatv.pl\/index.php?rest_route=\/wp\/v2\/users\/1"}],"replies":[{"embeddable":true,"href":"https:\/\/ostrowskatv.pl\/index.php?rest_route=%2Fwp%2Fv2%2Fcomments&post=6771"}],"version-history":[{"count":0,"href":"https:\/\/ostrowskatv.pl\/index.php?rest_route=\/wp\/v2\/posts\/6771\/revisions"}],"wp:featuredmedia":[{"embeddable":true,"href":"https:\/\/ostrowskatv.pl\/index.php?rest_route=\/wp\/v2\/media\/6772"}],"wp:attachment":[{"href":"https:\/\/ostrowskatv.pl\/index.php?rest_route=%2Fwp%2Fv2%2Fmedia&parent=6771"}],"wp:term":[{"taxonomy":"category","embeddable":true,"href":"https:\/\/ostrowskatv.pl\/index.php?rest_route=%2Fwp%2Fv2%2Fcategories&post=6771"},{"taxonomy":"post_tag","embeddable":true,"href":"https:\/\/ostrowskatv.pl\/index.php?rest_route=%2Fwp%2Fv2%2Ftags&post=6771"}],"curies":[{"name":"wp","href":"https:\/\/api.w.org\/{rel}","templated":true}]}}