{"id":6757,"date":"2018-08-01T12:18:07","date_gmt":"2018-08-01T11:18:07","guid":{"rendered":"http:\/\/ostrowska.tv\/?p=6757"},"modified":"2018-08-01T12:19:47","modified_gmt":"2018-08-01T11:19:47","slug":"zderzenie-3-aut-kaliska-limanowskiego","status":"publish","type":"post","link":"https:\/\/ostrowskatv.pl\/?p=6757","title":{"rendered":"Zderzenie 3 aut Kaliska &#8211; Limanowskiego"},"content":{"rendered":"<p><strong>Trzy samochody osobowe zderzy\u0142y si\u0119 po godzinie 12:15 na skrzy\u017cowaniu ulic Limanowskiego &#8211; Kaliska w Ostrowie Wielkopolskim. Sprawc\u0105 okaza\u0142 si\u0119 m\u0119\u017cczyzna o \u015bniadej cerze, kieruj\u0105cy Hyundaiem. Wyjecha\u0142 on od strony Kalisza i uderzy\u0142 w Citroena. Nast\u0119pnie oba auta uderzy\u0142y w stoj\u0105c\u0105 na linii STOP Mazd\u0119, kt\u00f3r\u0105 podr\u00f3\u017cowali Romowie. <\/strong><\/p>\n<p>Na miejsce wys\u0142ano stra\u017c po\u017carn\u0105 oraz karetk\u0119. M\u0142oda kobieta podr\u00f3\u017cuj\u0105ca Citroenem mia\u0142a st\u0142uczon\u0105 miednic\u0119. Pozostali uczestnicy nie odnie\u015bli obra\u017ce\u0144. Obecnie na tym skrzy\u017cowaniu w\u0142\u0105czony jest pulsuj\u0105cy sygna\u0142 \u017c\u00f3\u0142ty z powodu budowy ronda przy Parku Miejskim. To rozwi\u0105zanie wp\u0142ywa pozytywnie na p\u0142ynno\u015b\u0107 ruchu aut jad\u0105cych ulic\u0105 Pi\u0142sudskiego.<\/p>\n<div id='gallery-1' class='gallery galleryid-6757 gallery-columns-3 gallery-size-thumbnail'><figure class='gallery-item'>\n\t\t\t<div class='gallery-icon landscape'>\n\t\t\t\t<a href='https:\/\/ostrowskatv.pl\/?attachment_id=6758'><img loading=\"lazy\" decoding=\"async\" width=\"150\" height=\"150\" src=\"https:\/\/ostrowskatv.pl\/wp-content\/uploads\/2018\/08\/IMG_20180801_123645-150x150.jpg\" class=\"attachment-thumbnail size-thumbnail\" alt=\"\" \/><\/a>\n\t\t\t<\/div><\/figure><figure class='gallery-item'>\n\t\t\t<div class='gallery-icon landscape'>\n\t\t\t\t<a href='https:\/\/ostrowskatv.pl\/?attachment_id=6759'><img loading=\"lazy\" decoding=\"async\" width=\"150\" height=\"150\" src=\"https:\/\/ostrowskatv.pl\/wp-content\/uploads\/2018\/08\/IMG_20180801_122931-150x150.jpg\" class=\"attachment-thumbnail size-thumbnail\" alt=\"\" \/><\/a>\n\t\t\t<\/div><\/figure><figure class='gallery-item'>\n\t\t\t<div class='gallery-icon portrait'>\n\t\t\t\t<a href='https:\/\/ostrowskatv.pl\/?attachment_id=6760'><img loading=\"lazy\" decoding=\"async\" width=\"150\" height=\"150\" src=\"https:\/\/ostrowskatv.pl\/wp-content\/uploads\/2018\/08\/IMG_20180801_123531-150x150.jpg\" class=\"attachment-thumbnail size-thumbnail\" alt=\"\" \/><\/a>\n\t\t\t<\/div><\/figure><figure class='gallery-item'>\n\t\t\t<div class='gallery-icon landscape'>\n\t\t\t\t<a href='https:\/\/ostrowskatv.pl\/?attachment_id=6761'><img loading=\"lazy\" decoding=\"async\" width=\"150\" height=\"150\" src=\"https:\/\/ostrowskatv.pl\/wp-content\/uploads\/2018\/08\/IMG_20180801_122853-150x150.jpg\" class=\"attachment-thumbnail size-thumbnail\" alt=\"\" \/><\/a>\n\t\t\t<\/div><\/figure><figure class='gallery-item'>\n\t\t\t<div class='gallery-icon landscape'>\n\t\t\t\t<a href='https:\/\/ostrowskatv.pl\/?attachment_id=6762'><img loading=\"lazy\" decoding=\"async\" width=\"150\" height=\"150\" src=\"https:\/\/ostrowskatv.pl\/wp-content\/uploads\/2018\/08\/IMG_20180801_122926-150x150.jpg\" class=\"attachment-thumbnail size-thumbnail\" alt=\"\" \/><\/a>\n\t\t\t<\/div><\/figure>\n\t\t<\/div>\n\n","protected":false},"excerpt":{"rendered":"Trzy samochody osobowe zderzy\u0142y si\u0119 po godzinie 12:15 na skrzy\u017cowaniu ulic Limanowskiego &#8211; Kaliska w Ostrowie Wielkopolskim. Sprawc\u0105 okaza\u0142 si\u0119 m\u0119\u017cczyzna o \u015bniadej \n<a class=\"moretag\" href=\"https:\/\/ostrowskatv.pl\/?p=6757\"> [...]<\/a>","protected":false},"author":1,"featured_media":6759,"comment_status":"open","ping_status":"closed","sticky":false,"template":"","format":"standard","meta":{"footnotes":""},"categories":[1],"tags":[2],"class_list":["post-6757","post","type-post","status-publish","format-standard","has-post-thumbnail","hentry","category-news","tag-ostrow-wielkopolski"],"_links":{"self":[{"href":"https:\/\/ostrowskatv.pl\/index.php?rest_route=\/wp\/v2\/posts\/6757","targetHints":{"allow":["GET"]}}],"collection":[{"href":"https:\/\/ostrowskatv.pl\/index.php?rest_route=\/wp\/v2\/posts"}],"about":[{"href":"https:\/\/ostrowskatv.pl\/index.php?rest_route=\/wp\/v2\/types\/post"}],"author":[{"embeddable":true,"href":"https:\/\/ostrowskatv.pl\/index.php?rest_route=\/wp\/v2\/users\/1"}],"replies":[{"embeddable":true,"href":"https:\/\/ostrowskatv.pl\/index.php?rest_route=%2Fwp%2Fv2%2Fcomments&post=6757"}],"version-history":[{"count":0,"href":"https:\/\/ostrowskatv.pl\/index.php?rest_route=\/wp\/v2\/posts\/6757\/revisions"}],"wp:featuredmedia":[{"embeddable":true,"href":"https:\/\/ostrowskatv.pl\/index.php?rest_route=\/wp\/v2\/media\/6759"}],"wp:attachment":[{"href":"https:\/\/ostrowskatv.pl\/index.php?rest_route=%2Fwp%2Fv2%2Fmedia&parent=6757"}],"wp:term":[{"taxonomy":"category","embeddable":true,"href":"https:\/\/ostrowskatv.pl\/index.php?rest_route=%2Fwp%2Fv2%2Fcategories&post=6757"},{"taxonomy":"post_tag","embeddable":true,"href":"https:\/\/ostrowskatv.pl\/index.php?rest_route=%2Fwp%2Fv2%2Ftags&post=6757"}],"curies":[{"name":"wp","href":"https:\/\/api.w.org\/{rel}","templated":true}]}}