{"id":6725,"date":"2018-07-30T22:11:14","date_gmt":"2018-07-30T21:11:14","guid":{"rendered":"http:\/\/ostrowska.tv\/?p=6725"},"modified":"2018-07-30T22:13:51","modified_gmt":"2018-07-30T21:13:51","slug":"bmw-krecil-baczki-zatrzymala-go-policja","status":"publish","type":"post","link":"https:\/\/ostrowskatv.pl\/?p=6725","title":{"rendered":"Jad\u0105c BMW kr\u0119ci\u0142 b\u0105czki, zatrzyma\u0142a go policja"},"content":{"rendered":"<p><strong>Na parkingu ko\u0142o Kauflandu w Ostrowie Wielkopolskim, m\u0142ody kierowca w BMW kr\u0119ci\u0142 tzw. b\u0105czki wok\u00f3\u0142 latarni oraz na placu przed marketem. Jego niew\u0142a\u015bciwe zachowanie zauwa\u017cy\u0142 patrol prewencji. &#8222;Lataj\u0105cy&#8221; i nieustraszony zosta\u0142 zatrzymany i odpowiednio rozliczony.<\/strong><\/p>\n<p>Do zdarzenia dosz\u0142o o godzinie 22.30. Pisk opon s\u0142yszalny by\u0142 z daleka. Interwencja funkcjonariuszy patroluj\u0105cych miasto busem okaza\u0142a si\u0119 skuteczna. By\u0107 mo\u017ce dzisiejsza nauczka prze\u0142o\u017cy si\u0119 na lepsze zachowanie w przysz\u0142o\u015bci.<\/p>\n<p>Art. 98. Kto, prowadz\u0105c pojazd poza drog\u0105 publiczn\u0105, nie zachowuje nale\u017cytej ostro\u017cno\u015bci, czym zagra\u017ca bezpiecze\u0144stwu innych os\u00f3b, lub nie stosuje si\u0119 do przepis\u00f3w reguluj\u0105cych korzystanie z dr\u00f3g wewn\u0119trznych lub innych miejsc dost\u0119pnych dla ruchu pojazd\u00f3w,<br \/>\npodlega karze grzywny albo karze nagany.<\/p>\n<div id='gallery-1' class='gallery galleryid-6725 gallery-columns-3 gallery-size-thumbnail'><figure class='gallery-item'>\n\t\t\t<div class='gallery-icon landscape'>\n\t\t\t\t<a href='https:\/\/ostrowskatv.pl\/?attachment_id=6726'><img loading=\"lazy\" decoding=\"async\" width=\"150\" height=\"150\" src=\"https:\/\/ostrowskatv.pl\/wp-content\/uploads\/2018\/07\/IMG_20180730_224916-150x150.jpg\" class=\"attachment-thumbnail size-thumbnail\" alt=\"\" \/><\/a>\n\t\t\t<\/div><\/figure><figure class='gallery-item'>\n\t\t\t<div class='gallery-icon landscape'>\n\t\t\t\t<a href='https:\/\/ostrowskatv.pl\/?attachment_id=6727'><img loading=\"lazy\" decoding=\"async\" width=\"150\" height=\"150\" src=\"https:\/\/ostrowskatv.pl\/wp-content\/uploads\/2018\/07\/IMG_20180730_224943-150x150.jpg\" class=\"attachment-thumbnail size-thumbnail\" alt=\"\" \/><\/a>\n\t\t\t<\/div><\/figure><figure class='gallery-item'>\n\t\t\t<div class='gallery-icon landscape'>\n\t\t\t\t<a href='https:\/\/ostrowskatv.pl\/?attachment_id=6728'><img loading=\"lazy\" decoding=\"async\" width=\"150\" height=\"150\" src=\"https:\/\/ostrowskatv.pl\/wp-content\/uploads\/2018\/07\/IMG_20180730_225009-150x150.jpg\" class=\"attachment-thumbnail size-thumbnail\" alt=\"\" \/><\/a>\n\t\t\t<\/div><\/figure><figure class='gallery-item'>\n\t\t\t<div class='gallery-icon landscape'>\n\t\t\t\t<a href='https:\/\/ostrowskatv.pl\/?attachment_id=6729'><img loading=\"lazy\" decoding=\"async\" width=\"150\" height=\"150\" src=\"https:\/\/ostrowskatv.pl\/wp-content\/uploads\/2018\/07\/IMG_20180730_225034-150x150.jpg\" class=\"attachment-thumbnail size-thumbnail\" alt=\"\" \/><\/a>\n\t\t\t<\/div><\/figure><figure class='gallery-item'>\n\t\t\t<div class='gallery-icon landscape'>\n\t\t\t\t<a href='https:\/\/ostrowskatv.pl\/?attachment_id=6730'><img loading=\"lazy\" decoding=\"async\" width=\"150\" height=\"150\" src=\"https:\/\/ostrowskatv.pl\/wp-content\/uploads\/2018\/07\/IMG_20180730_223657-150x150.jpg\" class=\"attachment-thumbnail size-thumbnail\" alt=\"\" \/><\/a>\n\t\t\t<\/div><\/figure>\n\t\t<\/div>\n\n","protected":false},"excerpt":{"rendered":"Na parkingu ko\u0142o Kauflandu w Ostrowie Wielkopolskim, m\u0142ody kierowca w BMW kr\u0119ci\u0142 tzw. b\u0105czki wok\u00f3\u0142 latarni oraz na placu przed marketem. Jego niew\u0142a\u015bciwe \n<a class=\"moretag\" href=\"https:\/\/ostrowskatv.pl\/?p=6725\"> [...]<\/a>","protected":false},"author":1,"featured_media":6730,"comment_status":"open","ping_status":"closed","sticky":false,"template":"","format":"standard","meta":{"footnotes":""},"categories":[1],"tags":[2],"class_list":["post-6725","post","type-post","status-publish","format-standard","has-post-thumbnail","hentry","category-news","tag-ostrow-wielkopolski"],"_links":{"self":[{"href":"https:\/\/ostrowskatv.pl\/index.php?rest_route=\/wp\/v2\/posts\/6725","targetHints":{"allow":["GET"]}}],"collection":[{"href":"https:\/\/ostrowskatv.pl\/index.php?rest_route=\/wp\/v2\/posts"}],"about":[{"href":"https:\/\/ostrowskatv.pl\/index.php?rest_route=\/wp\/v2\/types\/post"}],"author":[{"embeddable":true,"href":"https:\/\/ostrowskatv.pl\/index.php?rest_route=\/wp\/v2\/users\/1"}],"replies":[{"embeddable":true,"href":"https:\/\/ostrowskatv.pl\/index.php?rest_route=%2Fwp%2Fv2%2Fcomments&post=6725"}],"version-history":[{"count":0,"href":"https:\/\/ostrowskatv.pl\/index.php?rest_route=\/wp\/v2\/posts\/6725\/revisions"}],"wp:featuredmedia":[{"embeddable":true,"href":"https:\/\/ostrowskatv.pl\/index.php?rest_route=\/wp\/v2\/media\/6730"}],"wp:attachment":[{"href":"https:\/\/ostrowskatv.pl\/index.php?rest_route=%2Fwp%2Fv2%2Fmedia&parent=6725"}],"wp:term":[{"taxonomy":"category","embeddable":true,"href":"https:\/\/ostrowskatv.pl\/index.php?rest_route=%2Fwp%2Fv2%2Fcategories&post=6725"},{"taxonomy":"post_tag","embeddable":true,"href":"https:\/\/ostrowskatv.pl\/index.php?rest_route=%2Fwp%2Fv2%2Ftags&post=6725"}],"curies":[{"name":"wp","href":"https:\/\/api.w.org\/{rel}","templated":true}]}}