{"id":6712,"date":"2018-07-28T18:41:56","date_gmt":"2018-07-28T17:41:56","guid":{"rendered":"http:\/\/ostrowska.tv\/?p=6712"},"modified":"2018-07-28T19:25:39","modified_gmt":"2018-07-28T18:25:39","slug":"auto-zmiotlo-rowerzystow","status":"publish","type":"post","link":"https:\/\/ostrowskatv.pl\/?p=6712","title":{"rendered":"Auto zmiot\u0142o rowerzyst\u00f3w"},"content":{"rendered":"<p><strong>O godzinie 18:30 dosz\u0142o do makabrycznego wypadku. Rowerzy\u015bci jechali drog\u0105 Garki &#8211; Bogdaj. Na prostym odcinku drogi z impetem uderzy\u0142 w nich m\u0142ody kierowca, oko\u0142o 20 l., Fiata Pandy.<\/strong><\/p>\n<p>Po zderzeniu jeden z rowerzyst\u00f3w (mieszkaniec Wysocka) by\u0142 skutecznie reanimowany przez weterynarza z Garek. Drugi rowerzysta (ostrowianin) dozna\u0142 urazu barku. Pierwszego w stanie ci\u0119\u017ckim zabra\u0142a karetka stacjonuj\u0105ca w Odolanowie, a po drugiego \u015bmig\u0142owiec LPR, kt\u00f3ry pierwotnie omin\u0105\u0142 miejsce wypadku.<\/p>\n<p>Kierowca Fiata Pandy by\u0142 trze\u017awy i rowerzysta w lepszym stanie r\u00f3wnie\u017c.<\/p>\n<div id='gallery-1' class='gallery galleryid-6712 gallery-columns-3 gallery-size-thumbnail'><figure class='gallery-item'>\n\t\t\t<div class='gallery-icon landscape'>\n\t\t\t\t<a href='https:\/\/ostrowskatv.pl\/?attachment_id=6709'><img loading=\"lazy\" decoding=\"async\" width=\"150\" height=\"150\" src=\"https:\/\/ostrowskatv.pl\/wp-content\/uploads\/2018\/07\/IMG_20180728_185533-01-150x150.jpeg\" class=\"attachment-thumbnail size-thumbnail\" alt=\"\" aria-describedby=\"gallery-1-6709\" \/><\/a>\n\t\t\t<\/div>\n\t\t\t\t<figcaption class='wp-caption-text gallery-caption' id='gallery-1-6709'>\n\t\t\t\tcof\n\t\t\t\t<\/figcaption><\/figure><figure class='gallery-item'>\n\t\t\t<div class='gallery-icon landscape'>\n\t\t\t\t<a href='https:\/\/ostrowskatv.pl\/?attachment_id=6710'><img loading=\"lazy\" decoding=\"async\" width=\"150\" height=\"150\" src=\"https:\/\/ostrowskatv.pl\/wp-content\/uploads\/2018\/07\/IMG_20180728_185547-01-150x150.jpeg\" class=\"attachment-thumbnail size-thumbnail\" alt=\"\" aria-describedby=\"gallery-1-6710\" \/><\/a>\n\t\t\t<\/div>\n\t\t\t\t<figcaption class='wp-caption-text gallery-caption' id='gallery-1-6710'>\n\t\t\t\tcof\n\t\t\t\t<\/figcaption><\/figure><figure class='gallery-item'>\n\t\t\t<div class='gallery-icon landscape'>\n\t\t\t\t<a href='https:\/\/ostrowskatv.pl\/?attachment_id=6711'><img loading=\"lazy\" decoding=\"async\" width=\"150\" height=\"150\" src=\"https:\/\/ostrowskatv.pl\/wp-content\/uploads\/2018\/07\/IMG_20180728_185522-02-1-150x150.jpeg\" class=\"attachment-thumbnail size-thumbnail\" alt=\"\" aria-describedby=\"gallery-1-6711\" \/><\/a>\n\t\t\t<\/div>\n\t\t\t\t<figcaption class='wp-caption-text gallery-caption' id='gallery-1-6711'>\n\t\t\t\tcof\n\t\t\t\t<\/figcaption><\/figure><figure class='gallery-item'>\n\t\t\t<div class='gallery-icon landscape'>\n\t\t\t\t<a href='https:\/\/ostrowskatv.pl\/?attachment_id=6707'><img loading=\"lazy\" decoding=\"async\" width=\"150\" height=\"150\" src=\"https:\/\/ostrowskatv.pl\/wp-content\/uploads\/2018\/07\/IMG_20180728_190957-01-150x150.jpeg\" class=\"attachment-thumbnail size-thumbnail\" alt=\"\" aria-describedby=\"gallery-1-6707\" \/><\/a>\n\t\t\t<\/div>\n\t\t\t\t<figcaption class='wp-caption-text gallery-caption' id='gallery-1-6707'>\n\t\t\t\toznor\n\t\t\t\t<\/figcaption><\/figure><figure class='gallery-item'>\n\t\t\t<div class='gallery-icon landscape'>\n\t\t\t\t<a href='https:\/\/ostrowskatv.pl\/?attachment_id=6706'><img loading=\"lazy\" decoding=\"async\" width=\"150\" height=\"150\" src=\"https:\/\/ostrowskatv.pl\/wp-content\/uploads\/2018\/07\/IMG_20180728_191132-01-150x150.jpeg\" class=\"attachment-thumbnail size-thumbnail\" alt=\"\" aria-describedby=\"gallery-1-6706\" \/><\/a>\n\t\t\t<\/div>\n\t\t\t\t<figcaption class='wp-caption-text gallery-caption' id='gallery-1-6706'>\n\t\t\t\trhdr\n\t\t\t\t<\/figcaption><\/figure>\n\t\t<\/div>\n\n","protected":false},"excerpt":{"rendered":"O godzinie 18:30 dosz\u0142o do makabrycznego wypadku. Rowerzy\u015bci jechali drog\u0105 Garki &#8211; Bogdaj. Na prostym odcinku drogi z impetem uderzy\u0142 w nich m\u0142ody \n<a class=\"moretag\" href=\"https:\/\/ostrowskatv.pl\/?p=6712\"> [...]<\/a>","protected":false},"author":1,"featured_media":6711,"comment_status":"open","ping_status":"closed","sticky":false,"template":"","format":"standard","meta":{"footnotes":""},"categories":[1],"tags":[122],"class_list":["post-6712","post","type-post","status-publish","format-standard","has-post-thumbnail","hentry","category-news","tag-gm-sosnie"],"_links":{"self":[{"href":"https:\/\/ostrowskatv.pl\/index.php?rest_route=\/wp\/v2\/posts\/6712","targetHints":{"allow":["GET"]}}],"collection":[{"href":"https:\/\/ostrowskatv.pl\/index.php?rest_route=\/wp\/v2\/posts"}],"about":[{"href":"https:\/\/ostrowskatv.pl\/index.php?rest_route=\/wp\/v2\/types\/post"}],"author":[{"embeddable":true,"href":"https:\/\/ostrowskatv.pl\/index.php?rest_route=\/wp\/v2\/users\/1"}],"replies":[{"embeddable":true,"href":"https:\/\/ostrowskatv.pl\/index.php?rest_route=%2Fwp%2Fv2%2Fcomments&post=6712"}],"version-history":[{"count":0,"href":"https:\/\/ostrowskatv.pl\/index.php?rest_route=\/wp\/v2\/posts\/6712\/revisions"}],"wp:featuredmedia":[{"embeddable":true,"href":"https:\/\/ostrowskatv.pl\/index.php?rest_route=\/wp\/v2\/media\/6711"}],"wp:attachment":[{"href":"https:\/\/ostrowskatv.pl\/index.php?rest_route=%2Fwp%2Fv2%2Fmedia&parent=6712"}],"wp:term":[{"taxonomy":"category","embeddable":true,"href":"https:\/\/ostrowskatv.pl\/index.php?rest_route=%2Fwp%2Fv2%2Fcategories&post=6712"},{"taxonomy":"post_tag","embeddable":true,"href":"https:\/\/ostrowskatv.pl\/index.php?rest_route=%2Fwp%2Fv2%2Ftags&post=6712"}],"curies":[{"name":"wp","href":"https:\/\/api.w.org\/{rel}","templated":true}]}}