{"id":6697,"date":"2018-07-27T13:49:33","date_gmt":"2018-07-27T12:49:33","guid":{"rendered":"http:\/\/ostrowska.tv\/?p=6697"},"modified":"2018-07-27T13:49:33","modified_gmt":"2018-07-27T12:49:33","slug":"wstrzasajacy-transport-swin","status":"publish","type":"post","link":"https:\/\/ostrowskatv.pl\/?p=6697","title":{"rendered":"Wstrz\u0105saj\u0105cy transport \u015bwi\u0144"},"content":{"rendered":"<p><strong>Ryk \u015bwi\u0144, wypadaj\u0105ce zwierz\u0119ta spod plandeki &#8211; taki makabryczny widok mogli zobaczy\u0107 mieszka\u0144cy Ostrowa Wielkopolskiego. Powodem by\u0142 niezgodny z prawem transport zwierz\u0105t.<\/strong><\/p>\n<p>Jeden z rolnik\u00f3w z powiatu ole\u015bnickiego zakupi\u0142 pod Kaliszem 53 \u015bwinki. Przewozi\u0142 je w\u0142asnym transportem, samochodem dostawczym z plandek\u0105. Zwierz\u0119ta mia\u0142y o po\u0142ow\u0119 za ma\u0142\u0105 powierzchni\u0119 przewidzian\u0105 przepisami. Upa\u0142\u00a0 niebezpiecznie podwy\u017csza\u0142 temperatur\u0119 w\u015br\u00f3d przewo\u017conych zwierz\u0105t. Kiedy zacz\u0119\u0142y wypada\u0107 zwierz\u0119ta spod plandeki, samoch\u00f3d zjecha\u0142 przy Rondzie Sybirak\u00f3w na parking.<\/p>\n<div id='gallery-1' class='gallery galleryid-6697 gallery-columns-3 gallery-size-thumbnail'><figure class='gallery-item'>\n\t\t\t<div class='gallery-icon landscape'>\n\t\t\t\t<a href='https:\/\/ostrowskatv.pl\/?attachment_id=6704'><img loading=\"lazy\" decoding=\"async\" width=\"150\" height=\"150\" src=\"https:\/\/ostrowskatv.pl\/wp-content\/uploads\/2018\/07\/swinki7-150x150.jpg\" class=\"attachment-thumbnail size-thumbnail\" alt=\"\" \/><\/a>\n\t\t\t<\/div><\/figure><figure class='gallery-item'>\n\t\t\t<div class='gallery-icon landscape'>\n\t\t\t\t<a href='https:\/\/ostrowskatv.pl\/?attachment_id=6703'><img loading=\"lazy\" decoding=\"async\" width=\"150\" height=\"150\" src=\"https:\/\/ostrowskatv.pl\/wp-content\/uploads\/2018\/07\/swinki6-150x150.jpg\" class=\"attachment-thumbnail size-thumbnail\" alt=\"\" \/><\/a>\n\t\t\t<\/div><\/figure><figure class='gallery-item'>\n\t\t\t<div class='gallery-icon landscape'>\n\t\t\t\t<a href='https:\/\/ostrowskatv.pl\/?attachment_id=6702'><img loading=\"lazy\" decoding=\"async\" width=\"150\" height=\"150\" src=\"https:\/\/ostrowskatv.pl\/wp-content\/uploads\/2018\/07\/swinki5-150x150.jpg\" class=\"attachment-thumbnail size-thumbnail\" alt=\"\" \/><\/a>\n\t\t\t<\/div><\/figure><figure class='gallery-item'>\n\t\t\t<div class='gallery-icon landscape'>\n\t\t\t\t<a href='https:\/\/ostrowskatv.pl\/?attachment_id=6701'><img loading=\"lazy\" decoding=\"async\" width=\"150\" height=\"150\" src=\"https:\/\/ostrowskatv.pl\/wp-content\/uploads\/2018\/07\/swinki4-150x150.jpg\" class=\"attachment-thumbnail size-thumbnail\" alt=\"\" \/><\/a>\n\t\t\t<\/div><\/figure><figure class='gallery-item'>\n\t\t\t<div class='gallery-icon landscape'>\n\t\t\t\t<a href='https:\/\/ostrowskatv.pl\/?attachment_id=6700'><img loading=\"lazy\" decoding=\"async\" width=\"150\" height=\"150\" src=\"https:\/\/ostrowskatv.pl\/wp-content\/uploads\/2018\/07\/swinki3-150x150.jpg\" class=\"attachment-thumbnail size-thumbnail\" alt=\"\" \/><\/a>\n\t\t\t<\/div><\/figure><figure class='gallery-item'>\n\t\t\t<div class='gallery-icon landscape'>\n\t\t\t\t<a href='https:\/\/ostrowskatv.pl\/?attachment_id=6699'><img loading=\"lazy\" decoding=\"async\" width=\"150\" height=\"150\" src=\"https:\/\/ostrowskatv.pl\/wp-content\/uploads\/2018\/07\/swinki2-150x150.jpg\" class=\"attachment-thumbnail size-thumbnail\" alt=\"\" \/><\/a>\n\t\t\t<\/div><\/figure><figure class='gallery-item'>\n\t\t\t<div class='gallery-icon landscape'>\n\t\t\t\t<a href='https:\/\/ostrowskatv.pl\/?attachment_id=6698'><img loading=\"lazy\" decoding=\"async\" width=\"150\" height=\"150\" src=\"https:\/\/ostrowskatv.pl\/wp-content\/uploads\/2018\/07\/swinki-150x150.jpg\" class=\"attachment-thumbnail size-thumbnail\" alt=\"\" \/><\/a>\n\t\t\t<\/div><\/figure>\n\t\t<\/div>\n\n<p>Dalszej podr\u00f3\u017cy uniemo\u017cliwili mu mieszka\u0144cy, staj\u0105c przed autem. Wezwano policj\u0119, stra\u017c miejsk\u0105, stra\u017c po\u017carn\u0105 i inspektora weterynarii. Okaza\u0142o si\u0119, \u017ce z\u0142amano prawo okre\u015blaj\u0105ce ochron\u0119 zwierz\u0105t podczas transportu. Pojazd by\u0142 prze\u0142adowany. M\u0119\u017cczyzna nie mia\u0142 stosownych kwalifikacji i dokument\u00f3w.<\/p>\n<p>Krzysztof Sk\u0142adnikiewicz, inspektorat weterynarii w Ostrowie Wielkopolskim: Przepisy jasno m\u00f3wi\u0105, \u017ce na w\u0142asny u\u017cytek w\u0142asnym \u015brodkiem transportu gospodarze mog\u0105 przewozi\u0107 tylko i wy\u0142\u0105cznie do na odleg\u0142o\u015b\u0107 50 km w linii prostej. Ta odleg\u0142o\u015b\u0107 by\u0142a wi\u0119ksza. Najgorsze co si\u0119 sta\u0142o to, \u017ce ten samoch\u00f3d nie spe\u0142nia warunk\u00f3w konstrukcyjnych. By\u0142 prze\u0142adowany. \u015awinek by\u0142o o wiele za du\u017co. Sprawa nabiera toku prawnego i na pewno w\u0142a\u015bcicielowi tego \u015brodka transportu z tego rozporz\u0105dzenia grozi kara aresztu lub grzywny.<\/p>\n<p>Krzysztof, \u015bwiadek zdarzenia powiedzia\u0142, \u017ce: Wyszli\u015bmy z parkingu. S\u0142ysz\u0119 kwiki. Podchodzimy i patrz\u0119 co tak kwicz\u0105. Przeskakiwa\u0142y si\u0119. Jedna chcia\u0142a wyskoczy\u0107 z boku, ale pan j\u0105 wpycha\u0142 i s\u0142ysza\u0142em od pana wy\u017cej z mostu (ma lokal na pobliskim mo\u015bcie) \u017ce jedna im wcze\u015bniej w drodze wylecia\u0142a. Dlatego si\u0119 tu zatrzymali. Jakim trzeba by\u0107&#8230;. cz\u0142owiekiem albo innych s\u0142\u00f3w nie b\u0119d\u0119 u\u017cywa\u0142, kt\u00f3re cisn\u0105 mi si\u0119 bardzo na usta, \u017ceby tak zwierz\u0119ta dawa\u0107. Z mam\u0105 do sklepu szed\u0142em. Jakby mnie mama nie odci\u0105gn\u0119\u0142a to bym podszed\u0142 i bym kt\u00f3remu w ryj da\u0142. Kiedy wracali\u015bmy powiedzia\u0142em do mamy, \u017ce je\u017celi nikogo tam nie b\u0119dzie, waln\u0119 i wypuszcz\u0119, \u017ceby sobie polata\u0142y i od\u017cy\u0142y. na szcz\u0119\u015bcie policja ju\u017c by\u0142a. Odszed\u0142em, bo jeszcze by mnie nerwy pu\u015bci\u0142y. Poszed\u0142bym siedzie\u0107 jak za cz\u0142owieka, a wiadomo \u017ce to jest ostatnie \u015bcierwo ludzkie jakie mo\u017ce by\u0107.<\/p>\n<p>Zwierz\u0119ta przepakowano do\u00a0 spe\u0142niaj\u0105cego normy pojazdu.<\/p>\n","protected":false},"excerpt":{"rendered":"Ryk \u015bwi\u0144, wypadaj\u0105ce zwierz\u0119ta spod plandeki &#8211; taki makabryczny widok mogli zobaczy\u0107 mieszka\u0144cy Ostrowa Wielkopolskiego. Powodem by\u0142 niezgodny z prawem transport zwierz\u0105t. Jeden \n<a class=\"moretag\" href=\"https:\/\/ostrowskatv.pl\/?p=6697\"> [...]<\/a>","protected":false},"author":1,"featured_media":6700,"comment_status":"open","ping_status":"closed","sticky":false,"template":"","format":"standard","meta":{"footnotes":""},"categories":[1],"tags":[2],"class_list":["post-6697","post","type-post","status-publish","format-standard","has-post-thumbnail","hentry","category-news","tag-ostrow-wielkopolski"],"_links":{"self":[{"href":"https:\/\/ostrowskatv.pl\/index.php?rest_route=\/wp\/v2\/posts\/6697","targetHints":{"allow":["GET"]}}],"collection":[{"href":"https:\/\/ostrowskatv.pl\/index.php?rest_route=\/wp\/v2\/posts"}],"about":[{"href":"https:\/\/ostrowskatv.pl\/index.php?rest_route=\/wp\/v2\/types\/post"}],"author":[{"embeddable":true,"href":"https:\/\/ostrowskatv.pl\/index.php?rest_route=\/wp\/v2\/users\/1"}],"replies":[{"embeddable":true,"href":"https:\/\/ostrowskatv.pl\/index.php?rest_route=%2Fwp%2Fv2%2Fcomments&post=6697"}],"version-history":[{"count":0,"href":"https:\/\/ostrowskatv.pl\/index.php?rest_route=\/wp\/v2\/posts\/6697\/revisions"}],"wp:featuredmedia":[{"embeddable":true,"href":"https:\/\/ostrowskatv.pl\/index.php?rest_route=\/wp\/v2\/media\/6700"}],"wp:attachment":[{"href":"https:\/\/ostrowskatv.pl\/index.php?rest_route=%2Fwp%2Fv2%2Fmedia&parent=6697"}],"wp:term":[{"taxonomy":"category","embeddable":true,"href":"https:\/\/ostrowskatv.pl\/index.php?rest_route=%2Fwp%2Fv2%2Fcategories&post=6697"},{"taxonomy":"post_tag","embeddable":true,"href":"https:\/\/ostrowskatv.pl\/index.php?rest_route=%2Fwp%2Fv2%2Ftags&post=6697"}],"curies":[{"name":"wp","href":"https:\/\/api.w.org\/{rel}","templated":true}]}}