{"id":6693,"date":"2018-07-25T17:56:22","date_gmt":"2018-07-25T16:56:22","guid":{"rendered":"http:\/\/ostrowska.tv\/?p=6693"},"modified":"2018-07-25T17:56:22","modified_gmt":"2018-07-25T16:56:22","slug":"ugodzil-nozem-w-brzuch-podczas-klotni","status":"publish","type":"post","link":"https:\/\/ostrowskatv.pl\/?p=6693","title":{"rendered":"Ugodzi\u0142 no\u017cem w brzuch podczas k\u0142\u00f3tni"},"content":{"rendered":"<p><strong>Policjanci otrzymali informacj\u0119, \u017ce w jednym z mieszka\u0144 przy ul. Pi\u0142sudskiego mia\u0142o doj\u015b\u0107 do ugodzenia no\u017cem. Po ich przybyciu na miejsce, zastali pogotowie ratunkowe i rannego 41-letniego m\u0119\u017cczyzn\u0119 z ran\u0105 brzucha.<\/strong><\/p>\n<p>Poszkodowany wyjawi\u0142, \u017ce dosz\u0142o pomi\u0119dzy nim, a innymi m\u0119\u017cczyznami do konfliktu. 41-letni m\u0119\u017cczyzna zosta\u0142 ugodzony no\u017cem o d\u0142ugo\u015bci ostrza oko\u0142o 5 cm.<\/p>\n<p>Policjanci penetruj\u0105c okoliczny teren zatrzymali dw\u00f3ch m\u0119\u017cczyzn. Obaj byli pijani. 31-latek, kt\u00f3ry jak si\u0119 okaza\u0142o, ugodzi\u0142 no\u017cem, mia\u0142 ponad 3 promile. Poszkodowany r\u00f3wnie\u017c by\u0142 w stanie nietrze\u017awo\u015bci wydmuchuj\u0105c ponad p\u00f3\u0142 promila.<br \/>\nSprawcy postawiono zarzut uszkodzenia cia\u0142a poni\u017cej 7 dni.<\/p>\n","protected":false},"excerpt":{"rendered":"Policjanci otrzymali informacj\u0119, \u017ce w jednym z mieszka\u0144 przy ul. Pi\u0142sudskiego mia\u0142o doj\u015b\u0107 do ugodzenia no\u017cem. Po ich przybyciu na miejsce, zastali pogotowie \n<a class=\"moretag\" href=\"https:\/\/ostrowskatv.pl\/?p=6693\"> [...]<\/a>","protected":false},"author":1,"featured_media":6694,"comment_status":"open","ping_status":"closed","sticky":false,"template":"","format":"standard","meta":{"footnotes":""},"categories":[1],"tags":[2],"class_list":["post-6693","post","type-post","status-publish","format-standard","has-post-thumbnail","hentry","category-news","tag-ostrow-wielkopolski"],"_links":{"self":[{"href":"https:\/\/ostrowskatv.pl\/index.php?rest_route=\/wp\/v2\/posts\/6693","targetHints":{"allow":["GET"]}}],"collection":[{"href":"https:\/\/ostrowskatv.pl\/index.php?rest_route=\/wp\/v2\/posts"}],"about":[{"href":"https:\/\/ostrowskatv.pl\/index.php?rest_route=\/wp\/v2\/types\/post"}],"author":[{"embeddable":true,"href":"https:\/\/ostrowskatv.pl\/index.php?rest_route=\/wp\/v2\/users\/1"}],"replies":[{"embeddable":true,"href":"https:\/\/ostrowskatv.pl\/index.php?rest_route=%2Fwp%2Fv2%2Fcomments&post=6693"}],"version-history":[{"count":0,"href":"https:\/\/ostrowskatv.pl\/index.php?rest_route=\/wp\/v2\/posts\/6693\/revisions"}],"wp:featuredmedia":[{"embeddable":true,"href":"https:\/\/ostrowskatv.pl\/index.php?rest_route=\/wp\/v2\/media\/6694"}],"wp:attachment":[{"href":"https:\/\/ostrowskatv.pl\/index.php?rest_route=%2Fwp%2Fv2%2Fmedia&parent=6693"}],"wp:term":[{"taxonomy":"category","embeddable":true,"href":"https:\/\/ostrowskatv.pl\/index.php?rest_route=%2Fwp%2Fv2%2Fcategories&post=6693"},{"taxonomy":"post_tag","embeddable":true,"href":"https:\/\/ostrowskatv.pl\/index.php?rest_route=%2Fwp%2Fv2%2Ftags&post=6693"}],"curies":[{"name":"wp","href":"https:\/\/api.w.org\/{rel}","templated":true}]}}