{"id":6678,"date":"2018-07-24T18:19:41","date_gmt":"2018-07-24T17:19:41","guid":{"rendered":"http:\/\/ostrowska.tv\/?p=6678"},"modified":"2018-07-24T18:25:47","modified_gmt":"2018-07-24T17:25:47","slug":"odnaleziono-zywa-80-letnia-ostrowianke","status":"publish","type":"post","link":"https:\/\/ostrowskatv.pl\/?p=6678","title":{"rendered":"Odnaleziono \u017cyw\u0105 80-letni\u0105 ostrowiank\u0119!"},"content":{"rendered":"<p><strong>Trzeci dzie\u0144 poszukiwa\u0144 przyni\u00f3s\u0142 bardzo dobr\u0105 wiadomo\u015b\u0107. Uda\u0142o si\u0119 odnale\u017a\u0107 \u017cyw\u0105 i u\u015bmiechni\u0119t\u0105 80-letni\u0105 ostrowiank\u0119. Ta zagin\u0119\u0142a w niedziel\u0119 oko\u0142o godziny 14.00. Okaza\u0142o si\u0119, \u017ce le\u017ca\u0142a w g\u0142\u0119bokim rowie blisko ulicy, na kt\u00f3rej mieszka.<\/strong><\/p>\n<p>Pierwszego dnia szukali jej g\u0142\u00f3wnie cz\u0142onkowie rodziny i s\u0105siedzi. Rozpoznanie terenu rozpoczynali tak\u017ce ludzie skupieni wok\u00f3\u0142 grupy Szukamy i Ratujemy Ostr\u00f3w Wielkopolski. Drugiego dnia zaanga\u017cowano oko\u0142o stu ludzi. Z czego 45 to byli mieszka\u0144cy. Pozosta\u0142\u0105 cz\u0119\u015b\u0107 grupy stanowili stra\u017cacy ochotnicy, ze stra\u017cy pa\u0144stwowej oraz policjanci. Poszukiwania nie przynios\u0142y rezultat\u00f3w.<\/p>\n<p>We wtorek w gronie ju\u017c tylko 30 os\u00f3b skupionych wok\u00f3\u0142 grupy Szukamy i Ratujemy Ostr\u00f3w Wielkopolski postanowi\u0142o raz jeszcze, wed\u0142ug mi\u0119dzynarodowych standard\u00f3w przeszuka\u0107 najbli\u017cszy teren. Ju\u017c po oko\u0142o 10 minutach, Damian S\u0142owi\u0144ski\u00a0 (21 l.) z jednostki OSP Wt\u00f3rek natrafi\u0142 na zaginion\u0105 kobiet\u0119.<\/p>\n<p>Zanim jednak j\u0105 ujrza\u0142, musia\u0142 wej\u015b\u0107 do 5 metrowego rowu, zaro\u015bni\u0119tego krzewami i drzewkami. Nie brakowa\u0142o w nim \u015bmieci. Za jednym z krzew\u00f3w zobaczy\u0142 ruszaj\u0105ce si\u0119 nogi. Tak, to by\u0142a zaginiona 80-letnia ostrowianka.<\/p>\n<p>Pierwsze s\u0142owa wypowiedziane przez ni\u0105 brzmia\u0142y: Troch\u0119 mi zasch\u0142o w gardle. Dajcie mi wody. U\u015bmiech kobiecie nie schodzi\u0142 z twarzy.<\/p>\n<p>Natychmiast wezwano karetk\u0119 pogotowia oraz pa\u0144stwow\u0105 stra\u017c po\u017carn\u0105, kt\u00f3rej zadaniem by\u0142o bezpieczne wydobycie poszkodowanej kobiety. Zabrano j\u0105 do ostrowskiego szpitala celem wykonania podstawowych bada\u0144.<\/p>\n<p>Ta historia pokazuje, \u017ce nadzieja umiera ostatnia. Warto walczy\u0107 do ko\u0144ca i nie poddawa\u0107 si\u0119, bo do ocalenia jest \u017cycie drugiego cz\u0142owieka. W nagrod\u0119 mo\u017cna otrzyma\u0107 jego u\u015bmiech! (zdj\u0119cie odnalezionej zosta\u0142o pokazane za zgod\u0105 c\u00f3rki kobiety).<\/p>\n<div id='gallery-1' class='gallery galleryid-6678 gallery-columns-3 gallery-size-thumbnail'><figure class='gallery-item'>\n\t\t\t<div class='gallery-icon portrait'>\n\t\t\t\t<a href='https:\/\/ostrowskatv.pl\/?attachment_id=6685'><img loading=\"lazy\" decoding=\"async\" width=\"150\" height=\"150\" src=\"https:\/\/ostrowskatv.pl\/wp-content\/uploads\/2018\/07\/odnalazl-150x150.jpg\" class=\"attachment-thumbnail size-thumbnail\" alt=\"\" \/><\/a>\n\t\t\t<\/div><\/figure><figure class='gallery-item'>\n\t\t\t<div class='gallery-icon landscape'>\n\t\t\t\t<a href='https:\/\/ostrowskatv.pl\/?attachment_id=6684'><img loading=\"lazy\" decoding=\"async\" width=\"150\" height=\"150\" src=\"https:\/\/ostrowskatv.pl\/wp-content\/uploads\/2018\/07\/miejsce-150x150.jpg\" class=\"attachment-thumbnail size-thumbnail\" alt=\"\" \/><\/a>\n\t\t\t<\/div><\/figure><figure class='gallery-item'>\n\t\t\t<div class='gallery-icon landscape'>\n\t\t\t\t<a href='https:\/\/ostrowskatv.pl\/?attachment_id=6683'><img loading=\"lazy\" decoding=\"async\" width=\"150\" height=\"150\" src=\"https:\/\/ostrowskatv.pl\/wp-content\/uploads\/2018\/07\/ekipa-150x150.jpg\" class=\"attachment-thumbnail size-thumbnail\" alt=\"\" \/><\/a>\n\t\t\t<\/div><\/figure><figure class='gallery-item'>\n\t\t\t<div class='gallery-icon landscape'>\n\t\t\t\t<a href='https:\/\/ostrowskatv.pl\/?attachment_id=6682'><img loading=\"lazy\" decoding=\"async\" width=\"150\" height=\"150\" src=\"https:\/\/ostrowskatv.pl\/wp-content\/uploads\/2018\/07\/transport-150x150.jpg\" class=\"attachment-thumbnail size-thumbnail\" alt=\"\" \/><\/a>\n\t\t\t<\/div><\/figure><figure class='gallery-item'>\n\t\t\t<div class='gallery-icon landscape'>\n\t\t\t\t<a href='https:\/\/ostrowskatv.pl\/?attachment_id=6681'><img loading=\"lazy\" decoding=\"async\" width=\"150\" height=\"150\" src=\"https:\/\/ostrowskatv.pl\/wp-content\/uploads\/2018\/07\/transport2-150x150.jpg\" class=\"attachment-thumbnail size-thumbnail\" alt=\"\" \/><\/a>\n\t\t\t<\/div><\/figure><figure class='gallery-item'>\n\t\t\t<div class='gallery-icon landscape'>\n\t\t\t\t<a href='https:\/\/ostrowskatv.pl\/?attachment_id=6680'><img loading=\"lazy\" decoding=\"async\" width=\"150\" height=\"150\" src=\"https:\/\/ostrowskatv.pl\/wp-content\/uploads\/2018\/07\/lokalizacja1-150x150.jpg\" class=\"attachment-thumbnail size-thumbnail\" alt=\"\" \/><\/a>\n\t\t\t<\/div><\/figure><figure class='gallery-item'>\n\t\t\t<div class='gallery-icon landscape'>\n\t\t\t\t<a href='https:\/\/ostrowskatv.pl\/?attachment_id=6679'><img loading=\"lazy\" decoding=\"async\" width=\"150\" height=\"150\" src=\"https:\/\/ostrowskatv.pl\/wp-content\/uploads\/2018\/07\/lokalizacja2-150x150.jpg\" class=\"attachment-thumbnail size-thumbnail\" alt=\"\" \/><\/a>\n\t\t\t<\/div><\/figure><figure class='gallery-item'>\n\t\t\t<div class='gallery-icon landscape'>\n\t\t\t\t<a href='https:\/\/ostrowskatv.pl\/?attachment_id=6690'><img loading=\"lazy\" decoding=\"async\" width=\"150\" height=\"150\" src=\"https:\/\/ostrowskatv.pl\/wp-content\/uploads\/2018\/07\/zaginiona-1-150x150.jpg\" class=\"attachment-thumbnail size-thumbnail\" alt=\"\" \/><\/a>\n\t\t\t<\/div><\/figure>\n\t\t<\/div>\n\n<hr \/>\n<p>Podzi\u0119kowania od Rodziny:<\/p>\n<blockquote><p>W imieniu ca\u0142ej rodziny i odnalezionej Babci serdecznie dzi\u0119kujemy za zaanga\u017cowanie, trud, aktywny udzia\u0142, po\u015bwi\u0119cony czas i \u015brodki oraz wsparcie wszystkim s\u0142u\u017cbom mundurowym, w tym:<br \/>\nPolicjantom, Stra\u017cakom PSP, Stra\u017cakom Ochotnikom z o\u015bciennych miejscowo\u015bci;<br \/>\ns\u0105siadom, znajomym, wszystkim mieszka\u0144com, dziennikarzom, mediom, ochotnikom oraz ratownikom z grupy \u201eSzukamy i Ratujemy \u2013 Ostr\u00f3w Wielkopolski\u201d oraz wszystkim pozosta\u0142ym osobom zaanga\u017cowanym w akcj\u0119 poszukiwawcz\u0105 trwaj\u0105c\u0105 od niedzielnego popo\u0142udnia do dzi\u015b. Poszukiwania dzi\u0119ki Wam zako\u0144czy\u0142y si\u0119 sukcesem!<br \/>\nBabcia zosta\u0142a odnaleziona \u017cywa, w stanie og\u00f3lnym dobrym, przetransportowana do ostrowskiego szpitala.<br \/>\nJeszcze raz z ca\u0142ego serca DZI\u0118KUJEMY!<\/p>\n<p>Rodzina<\/p><\/blockquote>\n","protected":false},"excerpt":{"rendered":"Trzeci dzie\u0144 poszukiwa\u0144 przyni\u00f3s\u0142 bardzo dobr\u0105 wiadomo\u015b\u0107. Uda\u0142o si\u0119 odnale\u017a\u0107 \u017cyw\u0105 i u\u015bmiechni\u0119t\u0105 80-letni\u0105 ostrowiank\u0119. Ta zagin\u0119\u0142a w niedziel\u0119 oko\u0142o godziny 14.00. Okaza\u0142o \n<a class=\"moretag\" href=\"https:\/\/ostrowskatv.pl\/?p=6678\"> [...]<\/a>","protected":false},"author":1,"featured_media":6682,"comment_status":"open","ping_status":"closed","sticky":false,"template":"","format":"standard","meta":{"footnotes":""},"categories":[1],"tags":[2],"class_list":["post-6678","post","type-post","status-publish","format-standard","has-post-thumbnail","hentry","category-news","tag-ostrow-wielkopolski"],"_links":{"self":[{"href":"https:\/\/ostrowskatv.pl\/index.php?rest_route=\/wp\/v2\/posts\/6678","targetHints":{"allow":["GET"]}}],"collection":[{"href":"https:\/\/ostrowskatv.pl\/index.php?rest_route=\/wp\/v2\/posts"}],"about":[{"href":"https:\/\/ostrowskatv.pl\/index.php?rest_route=\/wp\/v2\/types\/post"}],"author":[{"embeddable":true,"href":"https:\/\/ostrowskatv.pl\/index.php?rest_route=\/wp\/v2\/users\/1"}],"replies":[{"embeddable":true,"href":"https:\/\/ostrowskatv.pl\/index.php?rest_route=%2Fwp%2Fv2%2Fcomments&post=6678"}],"version-history":[{"count":0,"href":"https:\/\/ostrowskatv.pl\/index.php?rest_route=\/wp\/v2\/posts\/6678\/revisions"}],"wp:featuredmedia":[{"embeddable":true,"href":"https:\/\/ostrowskatv.pl\/index.php?rest_route=\/wp\/v2\/media\/6682"}],"wp:attachment":[{"href":"https:\/\/ostrowskatv.pl\/index.php?rest_route=%2Fwp%2Fv2%2Fmedia&parent=6678"}],"wp:term":[{"taxonomy":"category","embeddable":true,"href":"https:\/\/ostrowskatv.pl\/index.php?rest_route=%2Fwp%2Fv2%2Fcategories&post=6678"},{"taxonomy":"post_tag","embeddable":true,"href":"https:\/\/ostrowskatv.pl\/index.php?rest_route=%2Fwp%2Fv2%2Ftags&post=6678"}],"curies":[{"name":"wp","href":"https:\/\/api.w.org\/{rel}","templated":true}]}}