{"id":6636,"date":"2018-07-20T10:07:44","date_gmt":"2018-07-20T09:07:44","guid":{"rendered":"http:\/\/ostrowska.tv\/?p=6636"},"modified":"2018-07-20T10:07:54","modified_gmt":"2018-07-20T09:07:54","slug":"na-obwodnicy-ostrowa-wjechal-w-bariery","status":"publish","type":"post","link":"https:\/\/ostrowskatv.pl\/?p=6636","title":{"rendered":"Na obwodnicy Ostrowa wjecha\u0142 w bariery"},"content":{"rendered":"<p><strong>M\u0142ody m\u0119\u017cczyzna kieruj\u0105c Peugeotem 307, straci\u0142 panowanie nad pojazdem i z impetem uderzy\u0142 w bariery ochronne. Kolizja mia\u0142a miejsce podczas padaj\u0105cego deszczu, po zapadni\u0119ciu zmroku. Na wysoko\u015bci Wysocka Wielkiego, po mini\u0119ciu przewy\u017cszenia terenu, auto uderzy\u0142 w bariery ochronne ca\u0142kowicie uszkadzaj\u0105c prz\u00f3d. Kierowcy nic si\u0119 nie sta\u0142o.<br \/>\n<\/strong><\/p>\n<div id='gallery-1' class='gallery galleryid-6636 gallery-columns-3 gallery-size-thumbnail'><figure class='gallery-item'>\n\t\t\t<div class='gallery-icon landscape'>\n\t\t\t\t<a href='https:\/\/ostrowskatv.pl\/?attachment_id=6637'><img loading=\"lazy\" decoding=\"async\" width=\"150\" height=\"150\" src=\"https:\/\/ostrowskatv.pl\/wp-content\/uploads\/2018\/07\/IMG_20180719_211654-150x150.jpg\" class=\"attachment-thumbnail size-thumbnail\" alt=\"\" \/><\/a>\n\t\t\t<\/div><\/figure><figure class='gallery-item'>\n\t\t\t<div class='gallery-icon landscape'>\n\t\t\t\t<a href='https:\/\/ostrowskatv.pl\/?attachment_id=6638'><img loading=\"lazy\" decoding=\"async\" width=\"150\" height=\"150\" src=\"https:\/\/ostrowskatv.pl\/wp-content\/uploads\/2018\/07\/IMG_20180719_211546-150x150.jpg\" class=\"attachment-thumbnail size-thumbnail\" alt=\"\" \/><\/a>\n\t\t\t<\/div><\/figure>\n\t\t<\/div>\n\n","protected":false},"excerpt":{"rendered":"M\u0142ody m\u0119\u017cczyzna kieruj\u0105c Peugeotem 307, straci\u0142 panowanie nad pojazdem i z impetem uderzy\u0142 w bariery ochronne. Kolizja mia\u0142a miejsce podczas padaj\u0105cego deszczu, po \n<a class=\"moretag\" href=\"https:\/\/ostrowskatv.pl\/?p=6636\"> [...]<\/a>","protected":false},"author":1,"featured_media":6637,"comment_status":"open","ping_status":"closed","sticky":false,"template":"","format":"standard","meta":{"footnotes":""},"categories":[1],"tags":[139],"class_list":["post-6636","post","type-post","status-publish","format-standard","has-post-thumbnail","hentry","category-news","tag-obwodnica-ostrowa"],"_links":{"self":[{"href":"https:\/\/ostrowskatv.pl\/index.php?rest_route=\/wp\/v2\/posts\/6636","targetHints":{"allow":["GET"]}}],"collection":[{"href":"https:\/\/ostrowskatv.pl\/index.php?rest_route=\/wp\/v2\/posts"}],"about":[{"href":"https:\/\/ostrowskatv.pl\/index.php?rest_route=\/wp\/v2\/types\/post"}],"author":[{"embeddable":true,"href":"https:\/\/ostrowskatv.pl\/index.php?rest_route=\/wp\/v2\/users\/1"}],"replies":[{"embeddable":true,"href":"https:\/\/ostrowskatv.pl\/index.php?rest_route=%2Fwp%2Fv2%2Fcomments&post=6636"}],"version-history":[{"count":0,"href":"https:\/\/ostrowskatv.pl\/index.php?rest_route=\/wp\/v2\/posts\/6636\/revisions"}],"wp:featuredmedia":[{"embeddable":true,"href":"https:\/\/ostrowskatv.pl\/index.php?rest_route=\/wp\/v2\/media\/6637"}],"wp:attachment":[{"href":"https:\/\/ostrowskatv.pl\/index.php?rest_route=%2Fwp%2Fv2%2Fmedia&parent=6636"}],"wp:term":[{"taxonomy":"category","embeddable":true,"href":"https:\/\/ostrowskatv.pl\/index.php?rest_route=%2Fwp%2Fv2%2Fcategories&post=6636"},{"taxonomy":"post_tag","embeddable":true,"href":"https:\/\/ostrowskatv.pl\/index.php?rest_route=%2Fwp%2Fv2%2Ftags&post=6636"}],"curies":[{"name":"wp","href":"https:\/\/api.w.org\/{rel}","templated":true}]}}