{"id":6612,"date":"2018-07-14T18:08:58","date_gmt":"2018-07-14T17:08:58","guid":{"rendered":"http:\/\/ostrowska.tv\/?p=6612"},"modified":"2018-07-14T18:08:58","modified_gmt":"2018-07-14T17:08:58","slug":"specjalistyczne-uczestniczyly-w-gaszenia-duzego-pozaru","status":"publish","type":"post","link":"https:\/\/ostrowskatv.pl\/?p=6612","title":{"rendered":"Specjalistyczne uczestniczy\u0142y w gaszenia du\u017cego po\u017caru"},"content":{"rendered":"<p><strong>O godzinie 11:25 wybuch\u0142 po\u017car na najwy\u017cszej kondygnacji budynku, w kt\u00f3rym znajdowa\u0142a si\u0119 szko\u0142a muzyczna w Krotoszynie. Ni\u017cej znajduje si\u0119 Powiatowe Centrum Pomocy Rodzinie. Zagospodarowane poddasze o powierzchni 1600 metr\u00f3w kwadratowych ca\u0142kowicie sp\u0142on\u0119\u0142o. Znajdowa\u0142y si\u0119 tam sale lekcyjne z instrumentami.<\/strong><\/p>\n<p>Do akcji ga\u015bniczej zadysponowano a\u017c 17 aut, w tym dwa specjalistyczne pojazdy z Ostrowa Wielkopolskiego &#8211; podno\u015bnik i kontener z aparatami powietrznymi z mo\u017cliwo\u015bci\u0105 ich uzupe\u0142niania.<\/p>\n<p>Cz\u0119\u015b\u0107 sprz\u0119tu uda\u0142o si\u0119 uratowa\u0107. Trwa szacowanie strat.<\/p>\n<div id='gallery-1' class='gallery galleryid-6612 gallery-columns-3 gallery-size-thumbnail'><figure class='gallery-item'>\n\t\t\t<div class='gallery-icon landscape'>\n\t\t\t\t<a href='https:\/\/ostrowskatv.pl\/?attachment_id=6613'><img loading=\"lazy\" decoding=\"async\" width=\"150\" height=\"150\" src=\"https:\/\/ostrowskatv.pl\/wp-content\/uploads\/2018\/07\/PKR_7770-01-150x150.jpeg\" class=\"attachment-thumbnail size-thumbnail\" alt=\"\" \/><\/a>\n\t\t\t<\/div><\/figure><figure class='gallery-item'>\n\t\t\t<div class='gallery-icon landscape'>\n\t\t\t\t<a href='https:\/\/ostrowskatv.pl\/?attachment_id=6614'><img loading=\"lazy\" decoding=\"async\" width=\"150\" height=\"150\" src=\"https:\/\/ostrowskatv.pl\/wp-content\/uploads\/2018\/07\/PKR_7817-01-150x150.jpeg\" class=\"attachment-thumbnail size-thumbnail\" alt=\"\" \/><\/a>\n\t\t\t<\/div><\/figure><figure class='gallery-item'>\n\t\t\t<div class='gallery-icon landscape'>\n\t\t\t\t<a href='https:\/\/ostrowskatv.pl\/?attachment_id=6615'><img loading=\"lazy\" decoding=\"async\" width=\"150\" height=\"150\" src=\"https:\/\/ostrowskatv.pl\/wp-content\/uploads\/2018\/07\/PKR_7834-01-150x150.jpeg\" class=\"attachment-thumbnail size-thumbnail\" alt=\"\" \/><\/a>\n\t\t\t<\/div><\/figure>\n\t\t<\/div>\n\n","protected":false},"excerpt":{"rendered":"O godzinie 11:25 wybuch\u0142 po\u017car na najwy\u017cszej kondygnacji budynku, w kt\u00f3rym znajdowa\u0142a si\u0119 szko\u0142a muzyczna w Krotoszynie. Ni\u017cej znajduje si\u0119 Powiatowe Centrum Pomocy \n<a class=\"moretag\" href=\"https:\/\/ostrowskatv.pl\/?p=6612\"> [...]<\/a>","protected":false},"author":1,"featured_media":6615,"comment_status":"open","ping_status":"closed","sticky":false,"template":"","format":"standard","meta":{"footnotes":""},"categories":[1],"tags":[100],"class_list":["post-6612","post","type-post","status-publish","format-standard","has-post-thumbnail","hentry","category-news","tag-krotoszyn"],"_links":{"self":[{"href":"https:\/\/ostrowskatv.pl\/index.php?rest_route=\/wp\/v2\/posts\/6612","targetHints":{"allow":["GET"]}}],"collection":[{"href":"https:\/\/ostrowskatv.pl\/index.php?rest_route=\/wp\/v2\/posts"}],"about":[{"href":"https:\/\/ostrowskatv.pl\/index.php?rest_route=\/wp\/v2\/types\/post"}],"author":[{"embeddable":true,"href":"https:\/\/ostrowskatv.pl\/index.php?rest_route=\/wp\/v2\/users\/1"}],"replies":[{"embeddable":true,"href":"https:\/\/ostrowskatv.pl\/index.php?rest_route=%2Fwp%2Fv2%2Fcomments&post=6612"}],"version-history":[{"count":0,"href":"https:\/\/ostrowskatv.pl\/index.php?rest_route=\/wp\/v2\/posts\/6612\/revisions"}],"wp:featuredmedia":[{"embeddable":true,"href":"https:\/\/ostrowskatv.pl\/index.php?rest_route=\/wp\/v2\/media\/6615"}],"wp:attachment":[{"href":"https:\/\/ostrowskatv.pl\/index.php?rest_route=%2Fwp%2Fv2%2Fmedia&parent=6612"}],"wp:term":[{"taxonomy":"category","embeddable":true,"href":"https:\/\/ostrowskatv.pl\/index.php?rest_route=%2Fwp%2Fv2%2Fcategories&post=6612"},{"taxonomy":"post_tag","embeddable":true,"href":"https:\/\/ostrowskatv.pl\/index.php?rest_route=%2Fwp%2Fv2%2Ftags&post=6612"}],"curies":[{"name":"wp","href":"https:\/\/api.w.org\/{rel}","templated":true}]}}