{"id":6583,"date":"2018-07-10T10:08:56","date_gmt":"2018-07-10T09:08:56","guid":{"rendered":"http:\/\/ostrowska.tv\/?p=6583"},"modified":"2018-07-10T10:29:00","modified_gmt":"2018-07-10T09:29:00","slug":"pod-ciezarowka-zapadl-sie-chodnik","status":"publish","type":"post","link":"https:\/\/ostrowskatv.pl\/?p=6583","title":{"rendered":"Pod ci\u0119\u017car\u00f3wk\u0105 zapad\u0142 si\u0119 chodnik"},"content":{"rendered":"<p><strong>Samoch\u00f3d ci\u0119\u017carowy jecha\u0142 po chodniku. Nagle pod tylnym prawym ko\u0142em zapad\u0142a si\u0119 nawierzchnia. Iveco nie by\u0142o w stanie opu\u015bci\u0107 pu\u0142apki. Ukrai\u0144scy robotnicy z firmy, do kt\u00f3rej nale\u017ca\u0142a ci\u0119\u017car\u00f3wka, \u017cartowali, \u017ce w Polsce mamy wielkie dziury.<\/strong><\/p>\n<p>Do zdarzenia dosz\u0142o przed godzin\u0105 11:00 we wtorek przy skrzy\u017cowaniu ulic Krotoszy\u0144ska \/ Spichrzowa w Ostrowie Wielkopolskim. Na szcz\u0119\u015bcie nikt nie ucierpia\u0142. Uszkodzony zosta\u0142 chodnik i skrzynka telekomunikacyjna.<\/p>\n<p>Ustalono, \u017ce samoch\u00f3d ci\u0119\u017carowy bra\u0142 udzia\u0142 w pracach naprawczych chodnika.<\/p>\n<div id='gallery-1' class='gallery galleryid-6583 gallery-columns-3 gallery-size-thumbnail'><figure class='gallery-item'>\n\t\t\t<div class='gallery-icon portrait'>\n\t\t\t\t<a href='https:\/\/ostrowskatv.pl\/?attachment_id=6584'><img loading=\"lazy\" decoding=\"async\" width=\"150\" height=\"150\" src=\"https:\/\/ostrowskatv.pl\/wp-content\/uploads\/2018\/07\/IMG_20180710_104902-01-150x150.jpeg\" class=\"attachment-thumbnail size-thumbnail\" alt=\"\" aria-describedby=\"gallery-1-6584\" \/><\/a>\n\t\t\t<\/div>\n\t\t\t\t<figcaption class='wp-caption-text gallery-caption' id='gallery-1-6584'>\n\t\t\t\trhdr\n\t\t\t\t<\/figcaption><\/figure><figure class='gallery-item'>\n\t\t\t<div class='gallery-icon landscape'>\n\t\t\t\t<a href='https:\/\/ostrowskatv.pl\/?attachment_id=6585'><img loading=\"lazy\" decoding=\"async\" width=\"150\" height=\"150\" src=\"https:\/\/ostrowskatv.pl\/wp-content\/uploads\/2018\/07\/IMG_20180710_104939-01-150x150.jpeg\" class=\"attachment-thumbnail size-thumbnail\" alt=\"\" \/><\/a>\n\t\t\t<\/div><\/figure><figure class='gallery-item'>\n\t\t\t<div class='gallery-icon landscape'>\n\t\t\t\t<a href='https:\/\/ostrowskatv.pl\/?attachment_id=6586'><img loading=\"lazy\" decoding=\"async\" width=\"150\" height=\"150\" src=\"https:\/\/ostrowskatv.pl\/wp-content\/uploads\/2018\/07\/IMG_20180710_104929-01-150x150.jpeg\" class=\"attachment-thumbnail size-thumbnail\" alt=\"\" aria-describedby=\"gallery-1-6586\" \/><\/a>\n\t\t\t<\/div>\n\t\t\t\t<figcaption class='wp-caption-text gallery-caption' id='gallery-1-6586'>\n\t\t\t\trhdr\n\t\t\t\t<\/figcaption><\/figure><figure class='gallery-item'>\n\t\t\t<div class='gallery-icon landscape'>\n\t\t\t\t<a href='https:\/\/ostrowskatv.pl\/?attachment_id=6587'><img loading=\"lazy\" decoding=\"async\" width=\"150\" height=\"150\" src=\"https:\/\/ostrowskatv.pl\/wp-content\/uploads\/2018\/07\/IMG_20180710_104832-01-150x150.jpeg\" class=\"attachment-thumbnail size-thumbnail\" alt=\"\" \/><\/a>\n\t\t\t<\/div><\/figure><figure class='gallery-item'>\n\t\t\t<div class='gallery-icon landscape'>\n\t\t\t\t<a href='https:\/\/ostrowskatv.pl\/?attachment_id=6588'><img loading=\"lazy\" decoding=\"async\" width=\"150\" height=\"150\" src=\"https:\/\/ostrowskatv.pl\/wp-content\/uploads\/2018\/07\/IMG_20180710_104909-01-150x150.jpeg\" class=\"attachment-thumbnail size-thumbnail\" alt=\"\" \/><\/a>\n\t\t\t<\/div><\/figure>\n\t\t<\/div>\n\n","protected":false},"excerpt":{"rendered":"Samoch\u00f3d ci\u0119\u017carowy jecha\u0142 po chodniku. Nagle pod tylnym prawym ko\u0142em zapad\u0142a si\u0119 nawierzchnia. Iveco nie by\u0142o w stanie opu\u015bci\u0107 pu\u0142apki. Ukrai\u0144scy robotnicy z \n<a class=\"moretag\" href=\"https:\/\/ostrowskatv.pl\/?p=6583\"> [...]<\/a>","protected":false},"author":1,"featured_media":6585,"comment_status":"open","ping_status":"closed","sticky":false,"template":"","format":"standard","meta":{"footnotes":""},"categories":[1],"tags":[2],"class_list":["post-6583","post","type-post","status-publish","format-standard","has-post-thumbnail","hentry","category-news","tag-ostrow-wielkopolski"],"_links":{"self":[{"href":"https:\/\/ostrowskatv.pl\/index.php?rest_route=\/wp\/v2\/posts\/6583","targetHints":{"allow":["GET"]}}],"collection":[{"href":"https:\/\/ostrowskatv.pl\/index.php?rest_route=\/wp\/v2\/posts"}],"about":[{"href":"https:\/\/ostrowskatv.pl\/index.php?rest_route=\/wp\/v2\/types\/post"}],"author":[{"embeddable":true,"href":"https:\/\/ostrowskatv.pl\/index.php?rest_route=\/wp\/v2\/users\/1"}],"replies":[{"embeddable":true,"href":"https:\/\/ostrowskatv.pl\/index.php?rest_route=%2Fwp%2Fv2%2Fcomments&post=6583"}],"version-history":[{"count":0,"href":"https:\/\/ostrowskatv.pl\/index.php?rest_route=\/wp\/v2\/posts\/6583\/revisions"}],"wp:featuredmedia":[{"embeddable":true,"href":"https:\/\/ostrowskatv.pl\/index.php?rest_route=\/wp\/v2\/media\/6585"}],"wp:attachment":[{"href":"https:\/\/ostrowskatv.pl\/index.php?rest_route=%2Fwp%2Fv2%2Fmedia&parent=6583"}],"wp:term":[{"taxonomy":"category","embeddable":true,"href":"https:\/\/ostrowskatv.pl\/index.php?rest_route=%2Fwp%2Fv2%2Fcategories&post=6583"},{"taxonomy":"post_tag","embeddable":true,"href":"https:\/\/ostrowskatv.pl\/index.php?rest_route=%2Fwp%2Fv2%2Ftags&post=6583"}],"curies":[{"name":"wp","href":"https:\/\/api.w.org\/{rel}","templated":true}]}}