{"id":6578,"date":"2018-07-09T16:35:10","date_gmt":"2018-07-09T15:35:10","guid":{"rendered":"http:\/\/ostrowska.tv\/?p=6578"},"modified":"2018-07-09T18:02:53","modified_gmt":"2018-07-09T17:02:53","slug":"radny-po-chce-pozwac-miasto-jest-odpowiedz-miasta","status":"publish","type":"post","link":"https:\/\/ostrowskatv.pl\/?p=6578","title":{"rendered":"Radny PO chce by pozwano miasto. Jest odpowied\u017a miasta"},"content":{"rendered":"<p><strong>Urz\u0105d Miejski w Ostrowie Wlkp. opublikowa\u0142 o\u015bwiadczenie po komunikacie wystosowanym m.in. przez Andrzeja Kornaszewskiego, miejskiego radnego Platformy Obywatelskiego. Sprawa dotyczy nieotrzymanego przez miasto dofinansowania na odnawialne \u017ar\u00f3d\u0142a energii z powodu b\u0142\u0119du urz\u0119dnika.<\/strong><\/p>\n<p>\u201eNawi\u0105zuj\u0105c do komunikatu pana Andrzeja Kornaszewskiego (pismo z 6 lipca 2018 roku), w kt\u00f3rym wzywa 450 mieszka\u0144c\u00f3w do z\u0142o\u017cenia pozwu przeciwko Miastu i namawia do niepodpisywania ugody zwi\u0105zanej ze zwrotem 120 z\u0142otych osobom, kt\u00f3re op\u0142aci\u0142y tzw. audyt w ramach wniosku \u201eWytwarzanie i\u00a0dystrybucja energii ze \u017ar\u00f3de\u0142 odnawialnych na\u00a0terenie Gminy Miasto Ostr\u00f3w Wielkopolski\u201d, uprzejmie informujemy, \u017ce:<\/p>\n<p>\u2013 decyzja o wyp\u0142acie kwoty 120 z\u0142otych osobom, kt\u00f3re wp\u0142aci\u0142y ww. kwot\u0119 na audyt by\u0142a konsultowana prawnie oraz konsultowana z\u00a0instytucjami realizuj\u0105cymi tego typu wnioski,<\/p>\n<p>\u2013 prezydent miasta dopiero po\u00a0dokonaniu analizy prawnej podj\u0119\u0142a decyzj\u0119 o\u00a0umo\u017cliwieniu ubiegania si\u0119 o\u00a0zwrot tej kwoty, maj\u0105c na\u00a0wzgl\u0119dzie przede wszystkim zaanga\u017cowanie ostrowian i\u00a0poniesiony przez nich koszt,<\/p>\n<p>\u2013 zaproponowane przez Miasto rozwi\u0105zanie jest gwarancj\u0105 na skuteczne zako\u0144czenie sprawy zwi\u0105zanej z ww. wnioskiem bez konieczno\u015bci prowadzenia post\u0119powa\u0144 s\u0105dowych i ponoszenia koszt\u00f3w z tego tytu\u0142u. To oznacza, \u017ce po z\u0142o\u017ceniu stosownego wniosku mieszkaniec <strong>niezw\u0142ocznie otrzymuje zwrot wp\u0142aconej kwoty <\/strong>na wskazane przez niego konto,<\/p>\n<p>\u2013 wype\u0142nienie i z\u0142o\u017cenie przygotowanego przez Miasto wniosku oraz ugody jest dobrowolne i s\u0142u\u017cy\u0107 ma szybkiemu otrzymaniu przez mieszka\u0144c\u00f3w ich pieni\u0119dzy,<\/p>\n<p>\u2013 miasto posiada polis\u0119 ubezpieczeniow\u0105, kt\u00f3ra zosta\u0142a uruchomiona na okoliczno\u015b\u0107 powsta\u0142ej szkody. Stosowny wniosek do ubezpieczyciela zosta\u0142 z\u0142o\u017cony 30 kwietnia. Nie jest wi\u0119cej prawd\u0105, \u017ce wy\u0142\u0105cznie proces s\u0105dowy mo\u017ce uruchomi\u0107 wyp\u0142at\u0119 z polisy ubezpieczeniowej.\u201d<\/p>\n","protected":false},"excerpt":{"rendered":"Urz\u0105d Miejski w Ostrowie Wlkp. opublikowa\u0142 o\u015bwiadczenie po komunikacie wystosowanym m.in. przez Andrzeja Kornaszewskiego, miejskiego radnego Platformy Obywatelskiego. Sprawa dotyczy nieotrzymanego przez miasto \n<a class=\"moretag\" href=\"https:\/\/ostrowskatv.pl\/?p=6578\"> [...]<\/a>","protected":false},"author":1,"featured_media":539,"comment_status":"open","ping_status":"closed","sticky":false,"template":"","format":"standard","meta":{"footnotes":""},"categories":[1],"tags":[2],"class_list":["post-6578","post","type-post","status-publish","format-standard","has-post-thumbnail","hentry","category-news","tag-ostrow-wielkopolski"],"_links":{"self":[{"href":"https:\/\/ostrowskatv.pl\/index.php?rest_route=\/wp\/v2\/posts\/6578","targetHints":{"allow":["GET"]}}],"collection":[{"href":"https:\/\/ostrowskatv.pl\/index.php?rest_route=\/wp\/v2\/posts"}],"about":[{"href":"https:\/\/ostrowskatv.pl\/index.php?rest_route=\/wp\/v2\/types\/post"}],"author":[{"embeddable":true,"href":"https:\/\/ostrowskatv.pl\/index.php?rest_route=\/wp\/v2\/users\/1"}],"replies":[{"embeddable":true,"href":"https:\/\/ostrowskatv.pl\/index.php?rest_route=%2Fwp%2Fv2%2Fcomments&post=6578"}],"version-history":[{"count":0,"href":"https:\/\/ostrowskatv.pl\/index.php?rest_route=\/wp\/v2\/posts\/6578\/revisions"}],"wp:featuredmedia":[{"embeddable":true,"href":"https:\/\/ostrowskatv.pl\/index.php?rest_route=\/wp\/v2\/media\/539"}],"wp:attachment":[{"href":"https:\/\/ostrowskatv.pl\/index.php?rest_route=%2Fwp%2Fv2%2Fmedia&parent=6578"}],"wp:term":[{"taxonomy":"category","embeddable":true,"href":"https:\/\/ostrowskatv.pl\/index.php?rest_route=%2Fwp%2Fv2%2Fcategories&post=6578"},{"taxonomy":"post_tag","embeddable":true,"href":"https:\/\/ostrowskatv.pl\/index.php?rest_route=%2Fwp%2Fv2%2Ftags&post=6578"}],"curies":[{"name":"wp","href":"https:\/\/api.w.org\/{rel}","templated":true}]}}