{"id":6568,"date":"2018-07-05T13:41:27","date_gmt":"2018-07-05T12:41:27","guid":{"rendered":"http:\/\/ostrowska.tv\/?p=6568"},"modified":"2018-07-05T20:51:29","modified_gmt":"2018-07-05T19:51:29","slug":"sad-kara-wiezienia-dla-wlasciciela-psa-ktorego-zwiazal-w-lesie","status":"publish","type":"post","link":"https:\/\/ostrowskatv.pl\/?p=6568","title":{"rendered":"S\u0105d: kara wi\u0119zienia dla w\u0142a\u015bciciela psa, kt\u00f3rego zwi\u0105za\u0142 w lesie"},"content":{"rendered":"<p dir=\"ltr\"><strong>S\u0105d Rejonowy w Ostrowie Wielkopolskim uzna\u0142 oskar\u017conego\u00a0 za winnego. Wymierzy\u0142 mu kar\u0119 6 miesi\u0119cy pozbawienia wolno\u015bci. Orzek\u0142 \u015brodek karny w postaci zakazu posiadania zwierz\u0105t przez 3 lata. S\u0105d orzek\u0142\u00a0 r\u00f3wnie\u017c na rzecz schroniska w Wysocku Wlk. nawi\u0105zk\u0119 w kwocie 2 tys. z\u0142.<\/strong><\/p>\n<p dir=\"ltr\">Wyrok jest nieprawomocny.<\/p>\n<p>4 lipca ubieg\u0142ego roku w lesie w okolicach miejscowo\u015bci Wielowie\u015b przywi\u0105za\u0142 smycz\u0105 do drzewa psa i zwi\u0105za\u0142 tylne \u0142apy ta\u015bm\u0105 klej\u0105c\u0105. Pies w lesie przebywa\u0142 przez dwa dni. 4 lipca przypadkowy \u015bwiadek, kt\u00f3ry zbiera\u0142 jagody, s\u0142ysza\u0142 jak pies szcz\u0119ka. 2 dni p\u00f3\u017aniej ten sam m\u0119\u017cczyzna znowu zbieraj\u0105c jagody w lesie us\u0142ysza\u0142 tego psa. Tym razem nie by\u0142 to taki odg\u0142os radosny, a wprost przeciwnie. Pies ten zawodzi\u0142. S\u0142ycha\u0107 by\u0142o, \u017ce temu zwierz\u0119ciu dzieje si\u0119 krzywda. M\u0119\u017cczyzna od razu zawiadomi\u0142 stosowne organy. Na podstawie ustale\u0144 mi\u0119dzy innymi kierownika schroniska w Nied\u017awiedziu ustalono, \u017ce ten pies nale\u017ca\u0142 wcze\u015bniej do Szymona jak usunac oskar\u017cony nie przyzna\u0142 si\u0119 do pope\u0142nienia zarzucanego mu czynu tutaj na rozprawie jedynie wyja\u015bni\u0142 \u017ce przywi\u00f3z\u0142 tego psa dzie\u0144 wcze\u015bniej ze schroniska i prawdopodobnie pies sam uciekam bo kto\u015b go zabra\u0142 no bli\u017cej wed\u0142ug oskar\u017conego nie wiadomo w jaki spos\u00f3b dosz\u0142o do tego zdarzenia s\u0105d tym wyja\u015bnienia oskar\u017conego nie da\u0142 wiary jak r\u00f3wnie\u017c nie do wiary zeznaniom matki oskar\u017conego kt\u00f3ra tutaj na ten temat Zeznawa\u0142a \u015bwiadek pr\u00f3bowa\u0142a wykaza\u0107 w jaki spos\u00f3b na ta\u015bmie kt\u00f3r\u0105 by\u0142y zwi\u0105zane \u0142apy tylnie \u0142apy tego psa znalaz\u0142y si\u0119 odciski palc\u00f3w jej syna Jak r\u00f3wnie\u017c materia\u0142 genetyczny tym zeznania S\u0105 absolutnie nie da\u0142 wiary dobrze mia\u0142 one niewiarygodnie zauwa\u017cysz nale\u017cy co Zreszt\u0105 zezna\u0142a \u015bwiadek \u017ce ta ta\u015bma le\u017ca\u0142a w takim pomieszczeniu gospodarczym w domu oskar\u017conego i \u015bwiadka i \u015bwiadka To pomieszczenie jest na poziomie parteru pod tarasem ca\u0142y teren tej posesji jest ogrodzony furtka by\u0142a zamkni\u0119ta wi\u0119c jest rzecz\u0105 oczywist\u0105 \u017ce to nikt inny nie m\u00f3g\u0142 wej\u015b\u0107 do domu i trudno oczekiwa\u0107 by ktokolwiek przed jak urad bra\u0142 ta\u015bm\u0119 le\u017c\u0105c\u0105 na lod\u00f3wce Gdzie znajdowa\u0142o si\u0119 szereg innych narz\u0119dzi czy urz\u0105dze\u0144 o czym Zeznawa\u0142a \u015bwiadek poza tym zeznania tego \u015bwiadka nie potwierdzaj\u0105 zeznania w\u0142a\u015bnie kierownika schroniska w nied\u017awiedziu i zapisy Jakie s\u0105 poczynione w takiej ksi\u0119dze ewidencyjnej kt\u00f3ra si\u0119 nazywa karta ewidencyjna zwierz\u0119cia i z tej karty ewidencyjnej zwierz\u0119cia wynika \u017ce ten pies do tego schroniska trafi\u0142 30 czerwca bo wcze\u015bniej tak\u017ce uciek\u0142 oskar\u017conemu i dopiero czwartego lipca drzwi no kilka dni p\u00f3\u017aniej oskar\u017cony tego psa odebra\u0142 ze schroniska tymczasem \u015bwiadek zezna\u0142a \u017ce dzie\u0144 wcze\u015bniej oskar\u017cony tego psa odebra\u0142 3 lipca przywi\u00f3z\u0142 do domu wieczorem jeszcze oko\u0142o 23:00 wyszed\u0142 z tym psem na spacer No wobec tych zezna\u0144 zeznaje tego \u015bwiadka i tych zapis\u00f3w tej karcie ewidencyjnej jasno wynika \u017ce a matka oskar\u017conego jest \u015bwiadkiem niewiarygodnym jest rzecz\u0105 oczywist\u0105 to \u017ce stara si\u0119 tutaj jak najbardziej korzystnie zeznawa\u0107 na korzy\u015b\u0107 swojego syna niemniej s\u0105d w tym zeznaniu wiary nie da\u0142 wiary.<br \/>\nNie ulega w\u0105tpliwo\u015bci, \u017ce oskar\u017cony 17 maja zawar\u0142 umow\u0119 adopcyjna, dobrowolnie zabra\u0142 psa ze schroniska, a 4 lipca kiedy go odebra\u0142 po ucieczce, Przywi\u0105za\u0142 go do drzewa. nie ma \u017cadnych w\u0105tpliwo\u015bci \u017ce materia\u0142 genetyczny pobrany na tej ta\u015bmie zawiera Po przeprowadzeniu bada\u0144 DNA jest zgodny z materia\u0142em genetycznym oskar\u017conego jak r\u00f3wnie\u017c na jednym z fragment\u00f3w tej ta\u015bmy znajduj\u0105 si\u0119 linie papilarne i te\u017c bieg\u0142y po dokonaniu analizy stwierdzi\u0142 \u017ce te linie papilarne s\u0105 zgodne z odbitk\u0119 Wielkiego palca lewej r\u0119ki oskar\u017conego maj\u0105c to okoliczno\u015bci na uwadze s\u0105d uzna\u0142 \u017ce wina oskar\u017conego nie budzi \u017cadnych w\u0105tpliwo\u015bci je\u017celi chodzi o wymiary to maj\u0105c na uwadze drastyczne okoliczno\u015bci zwi\u0105zane z tym zdarzeniem porzucenie psa w okresie letnim jak tutaj zeznali \u015bwiadkowie w tym czasie przez te 2 dni \u015bwieci\u0142o s\u0142o\u0144ce pies Nie mia\u0142 ani jedzenia ani picia sklejenie tych n\u00f3g uniemo\u017cliwia\u0142o poruszanie si\u0119 w miejscu gdzie w\u0142a\u015bnie pies le\u017ca\u0142 bezpo\u015brednio by\u0142o nas\u0142onecznione No to s\u0105 okoliczno\u015bci obci\u0105\u017caj\u0105ce oskar\u017conego kolejn\u0105 okoliczno\u015bci\u0105 obci\u0105\u017caj\u0105ce j\u0105 oskar\u017conego jest to \u017ce oskar\u017cony praktycznie od samego pocz\u0105tku w spos\u00f3b nienale\u017cyty opiekowa\u0142 si\u0119 tym psem zauwa\u017cysz nale\u017cy \u017ce prawdopodobnie nie do ko\u0144ca przemy\u015bla\u0142 swoj\u0105 decyzj\u0119 o zabraniu tego zwierz\u0119cia ze schroniska w domu oskar\u017conego jest kod nale\u017c\u0105cy do jego matki i jak zezna\u0142a w\u0142a\u015bnie \u015bwiadek Jak mo\u017cna praktycznie decyzja oskar\u017conego nie By\u0142a ustalona z pozosta\u0142ymi domownikami z rodzicami z bratem matka by\u0142a zaskoczona o fakcie adopcji tego psa dowiedzia\u0142a si\u0119 w momencie gdy ten pies ju\u017c by\u0142 w samochodzie gdy wraca\u0142a z oskar\u017conym do domu pozatym kolejn\u0105 okoliczno\u015bci\u0105 obci\u0105\u017caj\u0105c\u0105 oskar\u017conego a \u015bwiadcz\u0105c\u0105 o tym \u017ce nie nale\u017cycie si\u0119 tym zwierz\u0119ciem zajmowa\u0142 jest to \u017ce pies ten by\u0142a to suka by\u0142 po operacji i Nale\u017ca\u0142o mu wyci\u0105gn\u0105\u0107 szwy z brzucha oskar\u017cony zabieraj\u0105 z tego psa ze schroniska doskonale o tym wiedzia\u0142 Wiedzia\u0142 \u017ce w ci\u0105gu 10 dni musi si\u0119 zg\u0142osi\u0107 w do weterynarza z tego obowi\u0105zku si\u0119 nie wywi\u0105za\u0142 jak zezna\u0142a \u015bwiadek Jagu\u015b na oskarzone co prawda uda\u0142 si\u0119 do lekarza ale go nie by\u0142o i potem sam kilka szw\u00f3w pr\u00f3bowa\u0142 wyci\u0105gn\u0105\u0107 no Jest to oczywiste b\u0142\u0119dne zachowanie \u015bwiadcz\u0105ce o nastawieniu oskar\u017conego do zwierz\u0119cia zdaniem s\u0105du takie w\u0142a\u015bnie dzia\u0142anie jak tutaj dog oskar\u017cony No \u015bwiadczy o jakim\u015b niezrozumieniu absolutnym dla takich podstawowych zasad humanitaryzmu i w ocenie s\u0105du nie mo\u017ce by\u0107 mowy o innej karze jak tylko ka\u017ce o charakterze izolacyjnym zauwa\u017cy\u0107 nale\u017cy \u017ce oskar\u017conych nie interesowa\u0142 si\u0119 losem tego zwierz\u0119cia ten pies od 7 lipca ubieg\u0142ego roku przybywa tutaj schronisko w wysocku wielkim oskar\u017cony nie by\u0142 nie odwiedza\u0142 tego psa tutaj na rozprawie pr\u00f3bowa\u0142 wykaza\u0107 \u017ce jest jaka\u015b nagonka w mediach na niego i to mia\u0142oby ju\u017c usprawiedliwia\u0107 zachowanie oskar\u017conego s\u0105d nie dostrzega w\u0142a\u015bnie \u017cadnej skruchy po stronie oskar\u017conego oskar\u017cony stara si\u0119 winne tutaj przerzuci\u0107 na media zainteresowani opini\u0119 publiczn\u0105 Natomiast w \u017caden spos\u00f3b sam nie przypisuje sobie \u017cadnej winy czy w\u0142a\u015bnie \u017cadnej skruchy nie ma to \u017cadnego takiego rozs\u0105dnego zastanowienia si\u0119 nad swoim post\u0119powaniem dlatego te\u017c s\u0105d uzna\u0142 \u017ce inna kara nie jest kar\u0105 odpowiedni\u0105 do stopnia zawinienia oskar\u017conego a tak\u017ce nie jest kar\u0105 odpowiedni\u0105 je\u017celi chodzi o spo\u0142eczna oddzia\u0142ywanie kary bo pami\u0119ta\u0107 nale\u017cy \u017ce przed ka\u017cd\u0105 par\u0105 stawiane s\u0105 w\u0142a\u015bnie dwie funkcje test a prewencja indywidualna w stosunku do sprawcy oraz prewencja og\u00f3lna coraz cz\u0119\u015bciej w mediach s\u0142yszy si\u0119 o r\u00f3\u017cnego rodzaju zachowaniach wype\u0142niaj\u0105cych znamiona w\u0142a\u015bnie tego wyst\u0119pu zn\u0119canie si\u0119 nad zwierz\u0119tami i cho\u0107by z tego te\u017c powodu z uwagi na tak\u0105 form\u0119 odstraszaj\u0105ce kary nale\u017cy sprawc\u00f3w takich czyn\u00f3w zdaniem s\u0105du ukara\u0107 kar\u0105<br \/>\nPrzez oskar\u017conego to przest\u0119pstwo by\u0142o zagro\u017cone kar\u0105 do dw\u00f3ch lat pozbawienia wolno\u015bci za ten czyn s\u0105d wymierza oskar\u017conemu kar\u0119 6 miesi\u0119cy pozbawienia wolno\u015bci A wi\u0119c jest to i tak kara orzeczona w dolnej granicach ustawowego zagro\u017cenia je\u017celi chodzi o wymiar tej kary to niew\u0105tpliwie okoliczno\u015bci\u0105 \u0142agodz\u0105c\u0105 dla oskar\u017conego jest to \u017ce dotychczas nie by\u0142em karany s\u0105downie prowadzi unormowanych ustabilizowany tryb \u017cycia w kolejnych punktach orzeczono \u015brodek Karny w postaci zakazu posiadania zwierz\u0105t i ten zakaz s\u0105d orzeka oskar\u017conemu na okres trzech lat w ocenie s\u0105du ewidentnie oskar\u017conych swoim post\u0119powaniem pokaza\u0142 \u017ce nie mo\u017ce sprawowa\u0107 opieki nad \u017cadnym zwierz\u0119ciem bo po prostu si\u0119 do tego nie nadaj\u0119 i nie mo\u017cna mu takiej opieki powierza\u0107 Ponadto s\u0105d orzeka od oskar\u017conego nawi\u0105zk\u0119 czyli takie rozstrzygni\u0119cie o charakterze typowo ekonomicznym na wiosk\u0119 w kwocie 2000 z\u0142 I t\u0105 nawi\u0105zk\u0119 oskar\u017cony winien uje\u017adzi\u0107 na rzecz mi\u0119dzygminnego schroniska dla bezdomnych zwierz\u0105t w wysocku wielkim jest to schronisko gdzie aktualnie ten pies przebywa i gdzie przebywaj\u0105 inne porzucone zwierz\u0119ta w ocenie s\u0105du taka w\u0142a\u015bnie kara i Kara o charakterze zasadniczym wsp\u00f3lnie z tymi orzeczonym \u015brodki karne mi nawi\u0105zk\u0105 b\u0119dzie dla oskar\u017conego Karol wystarczaj\u0105co dolegliwo\u015bci po odbyciu tej kary po uiszczeniu tej nawi\u0105zki oskar\u017cony zrozumie nagann\u0105 swojego post\u0119powania i ju\u017c w przysz\u0142o\u015bci \u017cadnego przest\u0119pstwa nie pope\u0142ni i w ostatnim punkcie orzeczona o kosztach a mianowicie s\u0105 zwalnia oskar\u017conego od ponoszenia koszt\u00f3w s\u0105dowych kosztami tym nie obci\u0105\u017caj\u0105 Skarb Pa\u0144stwa chwili obecnej oskar\u017conej nigdzie nie pracuje jak tutaj wyja\u015bni\u0119 utrzymuje si\u0119 jedynie z oszcz\u0119dno\u015bci a wi\u0119c jest nie ma maj\u0105tku przenosz\u0105cego doch\u00f3d a jest wi\u0119c wi\u0119c jest rzecz\u0105 oczywist\u0105 \u017ce i tak nie by\u0142by w stanie tych koszt\u00f3w ui\u015bci\u0107 wyrok s\u0105du nie jest prawomocny poniewa\u017c nie ma oskar\u017conego wi\u0119c s\u0105d nie b\u0119dzie Pan\u00f3w pa\u0144stwa pouczy\u0107 o sposobie zaskar\u017cenia to wszystko<\/p>\n","protected":false},"excerpt":{"rendered":"S\u0105d Rejonowy w Ostrowie Wielkopolskim uzna\u0142 oskar\u017conego\u00a0 za winnego. Wymierzy\u0142 mu kar\u0119 6 miesi\u0119cy pozbawienia wolno\u015bci. Orzek\u0142 \u015brodek karny w postaci zakazu posiadania \n<a class=\"moretag\" href=\"https:\/\/ostrowskatv.pl\/?p=6568\"> [...]<\/a>","protected":false},"author":1,"featured_media":6569,"comment_status":"open","ping_status":"closed","sticky":false,"template":"","format":"standard","meta":{"footnotes":""},"categories":[1],"tags":[2],"class_list":["post-6568","post","type-post","status-publish","format-standard","has-post-thumbnail","hentry","category-news","tag-ostrow-wielkopolski"],"_links":{"self":[{"href":"https:\/\/ostrowskatv.pl\/index.php?rest_route=\/wp\/v2\/posts\/6568","targetHints":{"allow":["GET"]}}],"collection":[{"href":"https:\/\/ostrowskatv.pl\/index.php?rest_route=\/wp\/v2\/posts"}],"about":[{"href":"https:\/\/ostrowskatv.pl\/index.php?rest_route=\/wp\/v2\/types\/post"}],"author":[{"embeddable":true,"href":"https:\/\/ostrowskatv.pl\/index.php?rest_route=\/wp\/v2\/users\/1"}],"replies":[{"embeddable":true,"href":"https:\/\/ostrowskatv.pl\/index.php?rest_route=%2Fwp%2Fv2%2Fcomments&post=6568"}],"version-history":[{"count":0,"href":"https:\/\/ostrowskatv.pl\/index.php?rest_route=\/wp\/v2\/posts\/6568\/revisions"}],"wp:featuredmedia":[{"embeddable":true,"href":"https:\/\/ostrowskatv.pl\/index.php?rest_route=\/wp\/v2\/media\/6569"}],"wp:attachment":[{"href":"https:\/\/ostrowskatv.pl\/index.php?rest_route=%2Fwp%2Fv2%2Fmedia&parent=6568"}],"wp:term":[{"taxonomy":"category","embeddable":true,"href":"https:\/\/ostrowskatv.pl\/index.php?rest_route=%2Fwp%2Fv2%2Fcategories&post=6568"},{"taxonomy":"post_tag","embeddable":true,"href":"https:\/\/ostrowskatv.pl\/index.php?rest_route=%2Fwp%2Fv2%2Ftags&post=6568"}],"curies":[{"name":"wp","href":"https:\/\/api.w.org\/{rel}","templated":true}]}}