{"id":6564,"date":"2018-07-05T13:20:39","date_gmt":"2018-07-05T12:20:39","guid":{"rendered":"http:\/\/ostrowska.tv\/?p=6564"},"modified":"2018-07-05T13:20:39","modified_gmt":"2018-07-05T12:20:39","slug":"zglosil-pozar-dawnego-mdk-u-prawda-okazala-sie-zaskakujaca","status":"publish","type":"post","link":"https:\/\/ostrowskatv.pl\/?p=6564","title":{"rendered":"Zg\u0142osi\u0142 po\u017car dawnego MDK-u, prawda okaza\u0142a si\u0119 zaskakuj\u0105ca"},"content":{"rendered":"<p><strong>Przed godzin\u0105 14.00 stra\u017c po\u017carna otrzyma\u0142a zg\u0142oszenie o po\u017carze piwnicy w budynku dawnego M\u0142odzie\u017cowego Domu Kultury w Ostrowie Wielkopolskim. Na miejsce wys\u0142ano 2 wozy bojowe i podno\u015bnik z Pa\u0144stwowej Stra\u017cy Po\u017carnej i w\u00f3z ga\u015bniczy z OSP w Ostrowie Wielkopolskim.<\/strong><\/p>\n<p>Zg\u0142aszaj\u0105cy powiedzia\u0142, \u017ce widzi dym i p\u0142omienie. Jednak przed przyjazdem p<span style=\"font-size: 16px;\">ierwszych woz\u00f3w, wiatr usun\u0105\u0142 zadymienie. M\u0119\u017cczyzna wygl\u0105daj\u0105cy na racjonalnie my\u015bl\u0105cego doda\u0142, \u017ce specjalnie kto\u015b zostawi\u0142 okna otwarte wi\u0119c pewnie dosz\u0142o do podpalenia. Po chwili okaza\u0142o si\u0119, \u017ce w \u015brodku trwaj\u0105 prace remontowe i u\u017cywana jest spawarka. Zg\u0142aszaj\u0105cy mocno zawstydzi\u0142 si\u0119, a stra\u017cakom pozosta\u0142o wr\u00f3ci\u0107 do baz.<\/span><\/p>\n<div id='gallery-1' class='gallery galleryid-6564 gallery-columns-3 gallery-size-thumbnail'><figure class='gallery-item'>\n\t\t\t<div class='gallery-icon landscape'>\n\t\t\t\t<a href='https:\/\/ostrowskatv.pl\/?attachment_id=6565'><img loading=\"lazy\" decoding=\"async\" width=\"150\" height=\"150\" src=\"https:\/\/ostrowskatv.pl\/wp-content\/uploads\/2018\/07\/IMG_20180705_134812-01-150x150.jpeg\" class=\"attachment-thumbnail size-thumbnail\" alt=\"\" aria-describedby=\"gallery-1-6565\" \/><\/a>\n\t\t\t<\/div>\n\t\t\t\t<figcaption class='wp-caption-text gallery-caption' id='gallery-1-6565'>\n\t\t\t\toznor\n\t\t\t\t<\/figcaption><\/figure><figure class='gallery-item'>\n\t\t\t<div class='gallery-icon landscape'>\n\t\t\t\t<a href='https:\/\/ostrowskatv.pl\/?attachment_id=6566'><img loading=\"lazy\" decoding=\"async\" width=\"150\" height=\"150\" src=\"https:\/\/ostrowskatv.pl\/wp-content\/uploads\/2018\/07\/IMG_20180705_134955-01-150x150.jpeg\" class=\"attachment-thumbnail size-thumbnail\" alt=\"\" aria-describedby=\"gallery-1-6566\" \/><\/a>\n\t\t\t<\/div>\n\t\t\t\t<figcaption class='wp-caption-text gallery-caption' id='gallery-1-6566'>\n\t\t\t\trhdr\n\t\t\t\t<\/figcaption><\/figure>\n\t\t<\/div>\n\n","protected":false},"excerpt":{"rendered":"Przed godzin\u0105 14.00 stra\u017c po\u017carna otrzyma\u0142a zg\u0142oszenie o po\u017carze piwnicy w budynku dawnego M\u0142odzie\u017cowego Domu Kultury w Ostrowie Wielkopolskim. Na miejsce wys\u0142ano 2 \n<a class=\"moretag\" href=\"https:\/\/ostrowskatv.pl\/?p=6564\"> [...]<\/a>","protected":false},"author":1,"featured_media":6566,"comment_status":"open","ping_status":"closed","sticky":false,"template":"","format":"standard","meta":{"footnotes":""},"categories":[1],"tags":[2],"class_list":["post-6564","post","type-post","status-publish","format-standard","has-post-thumbnail","hentry","category-news","tag-ostrow-wielkopolski"],"_links":{"self":[{"href":"https:\/\/ostrowskatv.pl\/index.php?rest_route=\/wp\/v2\/posts\/6564","targetHints":{"allow":["GET"]}}],"collection":[{"href":"https:\/\/ostrowskatv.pl\/index.php?rest_route=\/wp\/v2\/posts"}],"about":[{"href":"https:\/\/ostrowskatv.pl\/index.php?rest_route=\/wp\/v2\/types\/post"}],"author":[{"embeddable":true,"href":"https:\/\/ostrowskatv.pl\/index.php?rest_route=\/wp\/v2\/users\/1"}],"replies":[{"embeddable":true,"href":"https:\/\/ostrowskatv.pl\/index.php?rest_route=%2Fwp%2Fv2%2Fcomments&post=6564"}],"version-history":[{"count":0,"href":"https:\/\/ostrowskatv.pl\/index.php?rest_route=\/wp\/v2\/posts\/6564\/revisions"}],"wp:featuredmedia":[{"embeddable":true,"href":"https:\/\/ostrowskatv.pl\/index.php?rest_route=\/wp\/v2\/media\/6566"}],"wp:attachment":[{"href":"https:\/\/ostrowskatv.pl\/index.php?rest_route=%2Fwp%2Fv2%2Fmedia&parent=6564"}],"wp:term":[{"taxonomy":"category","embeddable":true,"href":"https:\/\/ostrowskatv.pl\/index.php?rest_route=%2Fwp%2Fv2%2Fcategories&post=6564"},{"taxonomy":"post_tag","embeddable":true,"href":"https:\/\/ostrowskatv.pl\/index.php?rest_route=%2Fwp%2Fv2%2Ftags&post=6564"}],"curies":[{"name":"wp","href":"https:\/\/api.w.org\/{rel}","templated":true}]}}