{"id":6543,"date":"2018-07-03T22:21:20","date_gmt":"2018-07-03T21:21:20","guid":{"rendered":"http:\/\/ostrowska.tv\/?p=6543"},"modified":"2018-07-03T22:21:20","modified_gmt":"2018-07-03T21:21:20","slug":"7-latek-zostal-pogryziony-przez-psa","status":"publish","type":"post","link":"https:\/\/ostrowskatv.pl\/?p=6543","title":{"rendered":"7-latek zosta\u0142 pogryziony przez psa"},"content":{"rendered":"<p><strong>7-letni Ch\u0142opiec wraz ze swoj\u0105 mam\u0105 przebywa\u0142 u znajomych w miejscowo\u015bci Fabian\u00f3w ko\u0142o Pleszewa. Gdy znajdowa\u0142 si\u0119 na podw\u00f3rzu, z kojca wydosta\u0142 si\u0119 pies, kt\u00f3ry zaatakowa\u0142 i pogryz\u0142 ch\u0142opca. Poszkodowany zosta\u0142 przetransportowany helikopterem do ostrowskiego szpitala. Mia\u0142 pogryzion\u0105 r\u0119k\u0119 i g\u0142ow\u0119.<\/strong><\/p>\n<div id='gallery-1' class='gallery galleryid-6543 gallery-columns-3 gallery-size-thumbnail'><figure class='gallery-item'>\n\t\t\t<div class='gallery-icon landscape'>\n\t\t\t\t<a href='https:\/\/ostrowskatv.pl\/?attachment_id=6544'><img loading=\"lazy\" decoding=\"async\" width=\"150\" height=\"150\" src=\"https:\/\/ostrowskatv.pl\/wp-content\/uploads\/2018\/07\/lpr-150x150.jpg\" class=\"attachment-thumbnail size-thumbnail\" alt=\"\" \/><\/a>\n\t\t\t<\/div><\/figure><figure class='gallery-item'>\n\t\t\t<div class='gallery-icon landscape'>\n\t\t\t\t<a href='https:\/\/ostrowskatv.pl\/?attachment_id=6545'><img loading=\"lazy\" decoding=\"async\" width=\"150\" height=\"150\" src=\"https:\/\/ostrowskatv.pl\/wp-content\/uploads\/2018\/07\/pogryzionyy-150x150.jpg\" class=\"attachment-thumbnail size-thumbnail\" alt=\"\" \/><\/a>\n\t\t\t<\/div><\/figure><figure class='gallery-item'>\n\t\t\t<div class='gallery-icon landscape'>\n\t\t\t\t<a href='https:\/\/ostrowskatv.pl\/?attachment_id=6546'><img loading=\"lazy\" decoding=\"async\" width=\"150\" height=\"150\" src=\"https:\/\/ostrowskatv.pl\/wp-content\/uploads\/2018\/07\/pogryziony-150x150.jpg\" class=\"attachment-thumbnail size-thumbnail\" alt=\"\" \/><\/a>\n\t\t\t<\/div><\/figure><figure class='gallery-item'>\n\t\t\t<div class='gallery-icon landscape'>\n\t\t\t\t<a href='https:\/\/ostrowskatv.pl\/?attachment_id=6547'><img loading=\"lazy\" decoding=\"async\" width=\"150\" height=\"150\" src=\"https:\/\/ostrowskatv.pl\/wp-content\/uploads\/2018\/07\/fabianow_pies-150x150.jpg\" class=\"attachment-thumbnail size-thumbnail\" alt=\"\" \/><\/a>\n\t\t\t<\/div><\/figure><figure class='gallery-item'>\n\t\t\t<div class='gallery-icon landscape'>\n\t\t\t\t<a href='https:\/\/ostrowskatv.pl\/?attachment_id=6548'><img loading=\"lazy\" decoding=\"async\" width=\"150\" height=\"150\" src=\"https:\/\/ostrowskatv.pl\/wp-content\/uploads\/2018\/07\/pies_fabianow-150x150.jpg\" class=\"attachment-thumbnail size-thumbnail\" alt=\"\" \/><\/a>\n\t\t\t<\/div><\/figure>\n\t\t<\/div>\n\n<p>Monika Ko\u0142aska z pleszewskiej policji: &#8211; Pies decyzj\u0105 lekarza weterynarii zosta\u0142 poddany obserwacji, kt\u00f3ra b\u0119dzie trwa\u0142a 15 dni. Natomiast policjanci przes\u0142uchali ju\u017c w\u0142a\u015bcicielk\u0119 psa i b\u0119d\u0105 prowadzone czynno\u015bci w kierunku artyku\u0142u 160 Kodeksu Karnego, czyli nara\u017cenia na niebezpiecze\u0144stwo utraty \u017cycia lub ci\u0119\u017ckiego uszczerbku na zdrowiu.<\/p>\n<p>Andrzej D\u0142ugiewicz, Powiatowy Lekarz Weterynarii w Pleszewie: &#8211; Od policji otrzymali\u015bmy zg\u0142oszenie o pok\u0105saniu dziecka przez psa. Na miejscu stwierdzi\u0142em, \u017ce mamy do czynienia z du\u017cym psem. Jest to mieszaniec alaskana z berne\u0144skim psem pasterskim. Ma p\u00f3\u0142tora roku. Na szcz\u0119\u015bcie ma za\u015bwiadczenie o szczepieniu. W moim odczuciu\u00a0 pies nie wykazuje znamion agresji. Oczywi\u015bcie b\u0119dzie podlega\u0142 obserwacji przez najbli\u017csze 15 dni i dopiero w\u00f3wczas wydamy za\u015bwiadczenie o tym, \u017ce jest wolny od podejrzenia w\u015bcieklizny, je\u017celi tak rzeczywi\u015bcie b\u0119dzie. Trudno powiedzie\u0107 w tej chwili dlaczego nieagresywny pies zaatakowa\u0142, ale my\u015bl\u0119, \u017ce pojawi\u0142y si\u0119 na posesji osoby obce, do kt\u00f3rych pies nie by\u0142 przyzwyczajony i pewnie dlatego wykaza\u0142 si\u0119 nadmiern\u0105 agresj\u0105.<\/p>\n","protected":false},"excerpt":{"rendered":"7-letni Ch\u0142opiec wraz ze swoj\u0105 mam\u0105 przebywa\u0142 u znajomych w miejscowo\u015bci Fabian\u00f3w ko\u0142o Pleszewa. Gdy znajdowa\u0142 si\u0119 na podw\u00f3rzu, z kojca wydosta\u0142 si\u0119 \n<a class=\"moretag\" href=\"https:\/\/ostrowskatv.pl\/?p=6543\"> [...]<\/a>","protected":false},"author":1,"featured_media":6546,"comment_status":"open","ping_status":"closed","sticky":false,"template":"","format":"standard","meta":{"footnotes":""},"categories":[1],"tags":[135],"class_list":["post-6543","post","type-post","status-publish","format-standard","has-post-thumbnail","hentry","category-news","tag-pies"],"_links":{"self":[{"href":"https:\/\/ostrowskatv.pl\/index.php?rest_route=\/wp\/v2\/posts\/6543","targetHints":{"allow":["GET"]}}],"collection":[{"href":"https:\/\/ostrowskatv.pl\/index.php?rest_route=\/wp\/v2\/posts"}],"about":[{"href":"https:\/\/ostrowskatv.pl\/index.php?rest_route=\/wp\/v2\/types\/post"}],"author":[{"embeddable":true,"href":"https:\/\/ostrowskatv.pl\/index.php?rest_route=\/wp\/v2\/users\/1"}],"replies":[{"embeddable":true,"href":"https:\/\/ostrowskatv.pl\/index.php?rest_route=%2Fwp%2Fv2%2Fcomments&post=6543"}],"version-history":[{"count":0,"href":"https:\/\/ostrowskatv.pl\/index.php?rest_route=\/wp\/v2\/posts\/6543\/revisions"}],"wp:featuredmedia":[{"embeddable":true,"href":"https:\/\/ostrowskatv.pl\/index.php?rest_route=\/wp\/v2\/media\/6546"}],"wp:attachment":[{"href":"https:\/\/ostrowskatv.pl\/index.php?rest_route=%2Fwp%2Fv2%2Fmedia&parent=6543"}],"wp:term":[{"taxonomy":"category","embeddable":true,"href":"https:\/\/ostrowskatv.pl\/index.php?rest_route=%2Fwp%2Fv2%2Fcategories&post=6543"},{"taxonomy":"post_tag","embeddable":true,"href":"https:\/\/ostrowskatv.pl\/index.php?rest_route=%2Fwp%2Fv2%2Ftags&post=6543"}],"curies":[{"name":"wp","href":"https:\/\/api.w.org\/{rel}","templated":true}]}}