{"id":6540,"date":"2018-07-02T21:39:19","date_gmt":"2018-07-02T20:39:19","guid":{"rendered":"http:\/\/ostrowska.tv\/?p=6540"},"modified":"2018-07-02T21:39:19","modified_gmt":"2018-07-02T20:39:19","slug":"protestujacy-pod-ostrowskim-sadem","status":"publish","type":"post","link":"https:\/\/ostrowskatv.pl\/?p=6540","title":{"rendered":"Protestuj\u0105cy pod ostrowskim S\u0105dem"},"content":{"rendered":"<p><strong>Ostrowski \u0141a\u0144cuch \u015awiat\u0142a zebra\u0142 si\u0119 pod ostrowskim S\u0105dem by m\u00f3wi\u0107 o zagro\u017ceniu dla niezale\u017cno\u015bci S\u0105d\u00f3w w Polsce. Przy ul. S\u0105dowej zebra\u0142o si\u0119 28 os\u00f3b.<\/strong><\/p>\n","protected":false},"excerpt":{"rendered":"Ostrowski \u0141a\u0144cuch \u015awiat\u0142a zebra\u0142 si\u0119 pod ostrowskim S\u0105dem by m\u00f3wi\u0107 o zagro\u017ceniu dla niezale\u017cno\u015bci S\u0105d\u00f3w w Polsce. Przy ul. S\u0105dowej zebra\u0142o si\u0119 28 \n<a class=\"moretag\" href=\"https:\/\/ostrowskatv.pl\/?p=6540\"> [...]<\/a>","protected":false},"author":1,"featured_media":6541,"comment_status":"open","ping_status":"closed","sticky":false,"template":"","format":"standard","meta":{"footnotes":""},"categories":[1],"tags":[2],"class_list":["post-6540","post","type-post","status-publish","format-standard","has-post-thumbnail","hentry","category-news","tag-ostrow-wielkopolski"],"_links":{"self":[{"href":"https:\/\/ostrowskatv.pl\/index.php?rest_route=\/wp\/v2\/posts\/6540","targetHints":{"allow":["GET"]}}],"collection":[{"href":"https:\/\/ostrowskatv.pl\/index.php?rest_route=\/wp\/v2\/posts"}],"about":[{"href":"https:\/\/ostrowskatv.pl\/index.php?rest_route=\/wp\/v2\/types\/post"}],"author":[{"embeddable":true,"href":"https:\/\/ostrowskatv.pl\/index.php?rest_route=\/wp\/v2\/users\/1"}],"replies":[{"embeddable":true,"href":"https:\/\/ostrowskatv.pl\/index.php?rest_route=%2Fwp%2Fv2%2Fcomments&post=6540"}],"version-history":[{"count":0,"href":"https:\/\/ostrowskatv.pl\/index.php?rest_route=\/wp\/v2\/posts\/6540\/revisions"}],"wp:featuredmedia":[{"embeddable":true,"href":"https:\/\/ostrowskatv.pl\/index.php?rest_route=\/wp\/v2\/media\/6541"}],"wp:attachment":[{"href":"https:\/\/ostrowskatv.pl\/index.php?rest_route=%2Fwp%2Fv2%2Fmedia&parent=6540"}],"wp:term":[{"taxonomy":"category","embeddable":true,"href":"https:\/\/ostrowskatv.pl\/index.php?rest_route=%2Fwp%2Fv2%2Fcategories&post=6540"},{"taxonomy":"post_tag","embeddable":true,"href":"https:\/\/ostrowskatv.pl\/index.php?rest_route=%2Fwp%2Fv2%2Ftags&post=6540"}],"curies":[{"name":"wp","href":"https:\/\/api.w.org\/{rel}","templated":true}]}}