{"id":6534,"date":"2018-06-30T13:59:32","date_gmt":"2018-06-30T12:59:32","guid":{"rendered":"http:\/\/ostrowska.tv\/?p=6534"},"modified":"2018-06-30T13:59:32","modified_gmt":"2018-06-30T12:59:32","slug":"wypadek-opla-i-bmw-na-odolanowskiej","status":"publish","type":"post","link":"https:\/\/ostrowskatv.pl\/?p=6534","title":{"rendered":"Wypadek Opla i BMW na Odolanowskiej"},"content":{"rendered":"<p><strong>Przed godzin\u0105 14:00 dosz\u0142o do wypadku na ul. Odolanowskiej przy numerze 91 w Ostrowie Wielkopolskim. Dwa auta zniszczy\u0142y p\u0142ot s\u0105siedniej posesji.<\/strong><\/p>\n<p>Opel jecha\u0142 od centrum Ostrowa. Na wysoko\u015bci wjazdu do firm, wykonywa\u0142 manewr skr\u0119tu w lewo. Wtedy w jego lewy bok uderzy\u0142o BMW. Si\u0142a uderzenia by\u0142a du\u017ca. Oba auta zatrzyma\u0142y si\u0119 na pobliskiej posesji. Oplem podr\u00f3\u017cowa\u0142 ojciec z 7-letni\u0105 c\u00f3rk\u0105. Natomiast BMW m\u0119\u017cczyzna oko\u0142o 30\/35-letni.<\/p>\n<p>Dziewczynka uskar\u017ca\u0142a si\u0119 na b\u00f3l g\u0142owy. Za\u0142oga karetki pogotowia przeprowadzi\u0142a wst\u0119pne badanie poszkodowanej.<\/p>\n<div id='gallery-1' class='gallery galleryid-6534 gallery-columns-3 gallery-size-thumbnail'><figure class='gallery-item'>\n\t\t\t<div class='gallery-icon landscape'>\n\t\t\t\t<a href='https:\/\/ostrowskatv.pl\/?attachment_id=6535'><img loading=\"lazy\" decoding=\"async\" width=\"150\" height=\"150\" src=\"https:\/\/ostrowskatv.pl\/wp-content\/uploads\/2018\/06\/IMG_20180630_141135-01-150x150.jpeg\" class=\"attachment-thumbnail size-thumbnail\" alt=\"\" aria-describedby=\"gallery-1-6535\" \/><\/a>\n\t\t\t<\/div>\n\t\t\t\t<figcaption class='wp-caption-text gallery-caption' id='gallery-1-6535'>\n\t\t\t\trhdr\n\t\t\t\t<\/figcaption><\/figure><figure class='gallery-item'>\n\t\t\t<div class='gallery-icon landscape'>\n\t\t\t\t<a href='https:\/\/ostrowskatv.pl\/?attachment_id=6536'><img loading=\"lazy\" decoding=\"async\" width=\"150\" height=\"150\" src=\"https:\/\/ostrowskatv.pl\/wp-content\/uploads\/2018\/06\/IMG_20180630_135105-01-150x150.jpeg\" class=\"attachment-thumbnail size-thumbnail\" alt=\"\" aria-describedby=\"gallery-1-6536\" \/><\/a>\n\t\t\t<\/div>\n\t\t\t\t<figcaption class='wp-caption-text gallery-caption' id='gallery-1-6536'>\n\t\t\t\toznor\n\t\t\t\t<\/figcaption><\/figure><figure class='gallery-item'>\n\t\t\t<div class='gallery-icon landscape'>\n\t\t\t\t<a href='https:\/\/ostrowskatv.pl\/?attachment_id=6537'><img loading=\"lazy\" decoding=\"async\" width=\"150\" height=\"150\" src=\"https:\/\/ostrowskatv.pl\/wp-content\/uploads\/2018\/06\/IMG_20180630_135142-01-150x150.jpeg\" class=\"attachment-thumbnail size-thumbnail\" alt=\"\" \/><\/a>\n\t\t\t<\/div><\/figure>\n\t\t<\/div>\n\n","protected":false},"excerpt":{"rendered":"Przed godzin\u0105 14:00 dosz\u0142o do wypadku na ul. Odolanowskiej przy numerze 91 w Ostrowie Wielkopolskim. Dwa auta zniszczy\u0142y p\u0142ot s\u0105siedniej posesji. Opel jecha\u0142 \n<a class=\"moretag\" href=\"https:\/\/ostrowskatv.pl\/?p=6534\"> [...]<\/a>","protected":false},"author":1,"featured_media":6535,"comment_status":"open","ping_status":"closed","sticky":false,"template":"","format":"standard","meta":{"footnotes":""},"categories":[1],"tags":[2],"class_list":["post-6534","post","type-post","status-publish","format-standard","has-post-thumbnail","hentry","category-news","tag-ostrow-wielkopolski"],"_links":{"self":[{"href":"https:\/\/ostrowskatv.pl\/index.php?rest_route=\/wp\/v2\/posts\/6534","targetHints":{"allow":["GET"]}}],"collection":[{"href":"https:\/\/ostrowskatv.pl\/index.php?rest_route=\/wp\/v2\/posts"}],"about":[{"href":"https:\/\/ostrowskatv.pl\/index.php?rest_route=\/wp\/v2\/types\/post"}],"author":[{"embeddable":true,"href":"https:\/\/ostrowskatv.pl\/index.php?rest_route=\/wp\/v2\/users\/1"}],"replies":[{"embeddable":true,"href":"https:\/\/ostrowskatv.pl\/index.php?rest_route=%2Fwp%2Fv2%2Fcomments&post=6534"}],"version-history":[{"count":0,"href":"https:\/\/ostrowskatv.pl\/index.php?rest_route=\/wp\/v2\/posts\/6534\/revisions"}],"wp:featuredmedia":[{"embeddable":true,"href":"https:\/\/ostrowskatv.pl\/index.php?rest_route=\/wp\/v2\/media\/6535"}],"wp:attachment":[{"href":"https:\/\/ostrowskatv.pl\/index.php?rest_route=%2Fwp%2Fv2%2Fmedia&parent=6534"}],"wp:term":[{"taxonomy":"category","embeddable":true,"href":"https:\/\/ostrowskatv.pl\/index.php?rest_route=%2Fwp%2Fv2%2Fcategories&post=6534"},{"taxonomy":"post_tag","embeddable":true,"href":"https:\/\/ostrowskatv.pl\/index.php?rest_route=%2Fwp%2Fv2%2Ftags&post=6534"}],"curies":[{"name":"wp","href":"https:\/\/api.w.org\/{rel}","templated":true}]}}