{"id":653,"date":"2016-03-29T18:12:52","date_gmt":"2016-03-29T17:12:52","guid":{"rendered":"http:\/\/ostrowska.tv\/?p=653"},"modified":"2016-03-29T18:13:48","modified_gmt":"2016-03-29T17:13:48","slug":"znaleziono-granat-f1","status":"publish","type":"post","link":"https:\/\/ostrowskatv.pl\/?p=653","title":{"rendered":"Znaleziono granat F1"},"content":{"rendered":"<p>Granat pochodz\u0105cy najprawdopodobniej z czas\u00f3w II Wojny \u015awiatowej znaleziono w Raszkowie przy ul. Wodnej. Znalezisko odkryto w ma\u0142ym rowie, kt\u00f3ry jesieni\u0105 by\u0142 czyszczony. Teraz na skutek deszcz\u00f3w wyszed\u0142 na wierzch. Kilka metr\u00f3w od rowu budowany jest dom. Na szcz\u0119\u015bcie nikt granatu nie uszkodzi\u0142, bo mog\u0142o by si\u0119 zako\u0144czy\u0107 wybuchem. Ochotnicy twierdz\u0105, \u017ce tego typu pozosta\u0142o\u015bci po czasach wojen s\u0105 swego rodzaju normalno\u015bci\u0105. Bowiem za p\u0142otem znajdowa\u0142y si\u0119 magazyny z broni\u0105.<\/p>\n<p>Granat F-1 posiada powierzchni\u0119 korpusu naci\u0119t\u0105 pod\u0142u\u017cnymi i poprzecznymi rowkami. U\u0142atwia\u0142y one fragmentacj\u0119 granatu na od\u0142amki, kt\u00f3rych liczba dochodzi\u0142a do 1000. Du\u017ce od\u0142amki maj\u0105 bardzo du\u017cy zasi\u0119g (si\u0119gaj\u0105cy 200 metr\u00f3w) i stanowi\u0105 zagro\u017cenie dla rzucaj\u0105cego lub innych os\u00f3b postronnych.<\/p>\n<p>Granat F-1 by\u0142 u\u017cywany przez Armi\u0119 Czerwon\u0105 w czasie drugiej wojny \u015bwiatowej i Polskie Si\u0142y Zbrojne sformowane w ZSRR, a po jej zako\u0144czeniu sta\u0142 si\u0119 podstawowym granatem obronnym armii Uk\u0142adu Warszawskiego.<\/p>\n<p>Granat F-1 by\u0142 produkowany w Polsce. Od pocz\u0105tku lat dziewi\u0119\u0107dziesi\u0105tych zast\u0119puje go polski granat RGO-88.<\/p>\n<p>Znalezisko jest obecnie pilnowane przez stra\u017cak\u00f3w ochotnik\u00f3w z Raszkowa, a wcze\u015bniej przez policjant\u00f3w. Najprawdopodobniej w \u015brod\u0119 przyjad\u0105 pirotechnicy, kt\u00f3rzy zabezpiecz\u0105 niewybuch.<\/p>\n<p><img loading=\"lazy\" decoding=\"async\" class=\"alignnone size-large wp-image-654\" src=\"http:\/\/ostrowska.tv\/wp-content\/uploads\/2016\/03\/granat-f1-556x360.jpg\" alt=\"granat-f1\" width=\"556\" height=\"360\" srcset=\"https:\/\/ostrowskatv.pl\/wp-content\/uploads\/2016\/03\/granat-f1-556x360.jpg 556w, https:\/\/ostrowskatv.pl\/wp-content\/uploads\/2016\/03\/granat-f1-300x194.jpg 300w, https:\/\/ostrowskatv.pl\/wp-content\/uploads\/2016\/03\/granat-f1.jpg 613w\" sizes=\"auto, (max-width: 556px) 100vw, 556px\" \/><\/p>\n","protected":false},"excerpt":{"rendered":"Granat pochodz\u0105cy najprawdopodobniej z czas\u00f3w II Wojny \u015awiatowej znaleziono w Raszkowie przy ul. Wodnej. Znalezisko odkryto w ma\u0142ym rowie, kt\u00f3ry jesieni\u0105 by\u0142 czyszczony. \n<a class=\"moretag\" href=\"https:\/\/ostrowskatv.pl\/?p=653\"> [...]<\/a>","protected":false},"author":1,"featured_media":655,"comment_status":"open","ping_status":"open","sticky":false,"template":"","format":"standard","meta":{"footnotes":""},"categories":[1],"tags":[73],"class_list":["post-653","post","type-post","status-publish","format-standard","has-post-thumbnail","hentry","category-news","tag-raszkow"],"_links":{"self":[{"href":"https:\/\/ostrowskatv.pl\/index.php?rest_route=\/wp\/v2\/posts\/653","targetHints":{"allow":["GET"]}}],"collection":[{"href":"https:\/\/ostrowskatv.pl\/index.php?rest_route=\/wp\/v2\/posts"}],"about":[{"href":"https:\/\/ostrowskatv.pl\/index.php?rest_route=\/wp\/v2\/types\/post"}],"author":[{"embeddable":true,"href":"https:\/\/ostrowskatv.pl\/index.php?rest_route=\/wp\/v2\/users\/1"}],"replies":[{"embeddable":true,"href":"https:\/\/ostrowskatv.pl\/index.php?rest_route=%2Fwp%2Fv2%2Fcomments&post=653"}],"version-history":[{"count":0,"href":"https:\/\/ostrowskatv.pl\/index.php?rest_route=\/wp\/v2\/posts\/653\/revisions"}],"wp:featuredmedia":[{"embeddable":true,"href":"https:\/\/ostrowskatv.pl\/index.php?rest_route=\/wp\/v2\/media\/655"}],"wp:attachment":[{"href":"https:\/\/ostrowskatv.pl\/index.php?rest_route=%2Fwp%2Fv2%2Fmedia&parent=653"}],"wp:term":[{"taxonomy":"category","embeddable":true,"href":"https:\/\/ostrowskatv.pl\/index.php?rest_route=%2Fwp%2Fv2%2Fcategories&post=653"},{"taxonomy":"post_tag","embeddable":true,"href":"https:\/\/ostrowskatv.pl\/index.php?rest_route=%2Fwp%2Fv2%2Ftags&post=653"}],"curies":[{"name":"wp","href":"https:\/\/api.w.org\/{rel}","templated":true}]}}