{"id":6528,"date":"2018-06-25T19:22:21","date_gmt":"2018-06-25T18:22:21","guid":{"rendered":"http:\/\/ostrowska.tv\/?p=6528"},"modified":"2018-06-25T21:14:45","modified_gmt":"2018-06-25T20:14:45","slug":"fordem-skosil-barierki","status":"publish","type":"post","link":"https:\/\/ostrowskatv.pl\/?p=6528","title":{"rendered":"Fordem skosi\u0142 barierki"},"content":{"rendered":"<p><strong>Tu\u017c po rozpocz\u0119ciu opad\u00f3w deszczu, m\u0142ody m\u0119\u017cczyzna wpad\u0142 w po\u015blizg Fordem Fiest\u0105. Do zdarzenia dosz\u0142o na ul. Wojska Polskiego w Ostrowie Wielkopolskim. Na lekkim \u0142uku jego samoch\u00f3d zjecha\u0142 na lewy wjazd do pobliskiego marketu i uderzy\u0142 w barierki. Auto zawiesi\u0142o si\u0119 na nich. Bezpo\u015brednio po kolizji, m\u0119\u017cczyzna pr\u00f3bowa\u0142 &#8211; wed\u0142ug jego relacji &#8211; przejecha\u0107 na pobliski parking, co z boku wygl\u0105da\u0142o jakby pr\u00f3bowa\u0142 zbiec.<\/strong><\/p>\n<p>Na miejsce zosta\u0142a wezwana policja, kt\u00f3ra rozliczy\u0142a m\u0142odego ostrowianina.<\/p>\n<div id='gallery-1' class='gallery galleryid-6528 gallery-columns-3 gallery-size-thumbnail'><figure class='gallery-item'>\n\t\t\t<div class='gallery-icon landscape'>\n\t\t\t\t<a href='https:\/\/ostrowskatv.pl\/?attachment_id=6529'><img loading=\"lazy\" decoding=\"async\" width=\"150\" height=\"150\" src=\"https:\/\/ostrowskatv.pl\/wp-content\/uploads\/2018\/06\/IMG_20180625_195134-01-150x150.jpg\" class=\"attachment-thumbnail size-thumbnail\" alt=\"\" \/><\/a>\n\t\t\t<\/div><\/figure><figure class='gallery-item'>\n\t\t\t<div class='gallery-icon landscape'>\n\t\t\t\t<a href='https:\/\/ostrowskatv.pl\/?attachment_id=6530'><img loading=\"lazy\" decoding=\"async\" width=\"150\" height=\"150\" src=\"https:\/\/ostrowskatv.pl\/wp-content\/uploads\/2018\/06\/IMG_20180625_194307-01-150x150.jpg\" class=\"attachment-thumbnail size-thumbnail\" alt=\"\" \/><\/a>\n\t\t\t<\/div><\/figure><figure class='gallery-item'>\n\t\t\t<div class='gallery-icon landscape'>\n\t\t\t\t<a href='https:\/\/ostrowskatv.pl\/?attachment_id=6531'><img loading=\"lazy\" decoding=\"async\" width=\"150\" height=\"150\" src=\"https:\/\/ostrowskatv.pl\/wp-content\/uploads\/2018\/06\/IMG_20180625_194633-01-150x150.jpeg\" class=\"attachment-thumbnail size-thumbnail\" alt=\"\" aria-describedby=\"gallery-1-6531\" \/><\/a>\n\t\t\t<\/div>\n\t\t\t\t<figcaption class='wp-caption-text gallery-caption' id='gallery-1-6531'>\n\t\t\t\tcof\n\t\t\t\t<\/figcaption><\/figure>\n\t\t<\/div>\n\n","protected":false},"excerpt":{"rendered":"Tu\u017c po rozpocz\u0119ciu opad\u00f3w deszczu, m\u0142ody m\u0119\u017cczyzna wpad\u0142 w po\u015blizg Fordem Fiest\u0105. Do zdarzenia dosz\u0142o na ul. Wojska Polskiego w Ostrowie Wielkopolskim. Na \n<a class=\"moretag\" href=\"https:\/\/ostrowskatv.pl\/?p=6528\"> [...]<\/a>","protected":false},"author":1,"featured_media":6529,"comment_status":"open","ping_status":"closed","sticky":false,"template":"","format":"standard","meta":{"footnotes":""},"categories":[1],"tags":[2],"class_list":["post-6528","post","type-post","status-publish","format-standard","has-post-thumbnail","hentry","category-news","tag-ostrow-wielkopolski"],"_links":{"self":[{"href":"https:\/\/ostrowskatv.pl\/index.php?rest_route=\/wp\/v2\/posts\/6528","targetHints":{"allow":["GET"]}}],"collection":[{"href":"https:\/\/ostrowskatv.pl\/index.php?rest_route=\/wp\/v2\/posts"}],"about":[{"href":"https:\/\/ostrowskatv.pl\/index.php?rest_route=\/wp\/v2\/types\/post"}],"author":[{"embeddable":true,"href":"https:\/\/ostrowskatv.pl\/index.php?rest_route=\/wp\/v2\/users\/1"}],"replies":[{"embeddable":true,"href":"https:\/\/ostrowskatv.pl\/index.php?rest_route=%2Fwp%2Fv2%2Fcomments&post=6528"}],"version-history":[{"count":0,"href":"https:\/\/ostrowskatv.pl\/index.php?rest_route=\/wp\/v2\/posts\/6528\/revisions"}],"wp:featuredmedia":[{"embeddable":true,"href":"https:\/\/ostrowskatv.pl\/index.php?rest_route=\/wp\/v2\/media\/6529"}],"wp:attachment":[{"href":"https:\/\/ostrowskatv.pl\/index.php?rest_route=%2Fwp%2Fv2%2Fmedia&parent=6528"}],"wp:term":[{"taxonomy":"category","embeddable":true,"href":"https:\/\/ostrowskatv.pl\/index.php?rest_route=%2Fwp%2Fv2%2Fcategories&post=6528"},{"taxonomy":"post_tag","embeddable":true,"href":"https:\/\/ostrowskatv.pl\/index.php?rest_route=%2Fwp%2Fv2%2Ftags&post=6528"}],"curies":[{"name":"wp","href":"https:\/\/api.w.org\/{rel}","templated":true}]}}