{"id":6517,"date":"2018-06-24T17:49:11","date_gmt":"2018-06-24T16:49:11","guid":{"rendered":"http:\/\/ostrowska.tv\/?p=6517"},"modified":"2018-06-24T17:49:11","modified_gmt":"2018-06-24T16:49:11","slug":"kolor-fest-na-piaskach-relacja","status":"publish","type":"post","link":"https:\/\/ostrowskatv.pl\/?p=6517","title":{"rendered":"Kolor Fest na Piaskach &#8211; relacja"},"content":{"rendered":"<p><strong>Padaj\u0105cy deszcz nie przeszkodzi\u0142 t\u0142umowi pobawi\u0107 si\u0119 kolorowymi proszkami Holi. Na parkingu przy Piaskach-Szczygliczce prywatna firma z Bydgoszczy zorganizowa\u0142a Kolor Fest &#8211; czyli festiwal kolorowych proszk\u00f3w. Te mo\u017cna by\u0142o otrzyma\u0107 za promocj\u0119 wydarzenia na Facebooku, zakupi\u0107 po zawy\u017conej 3-krotnie cenie lub przynie\u015b\u0107 (wbrew regulaminowi imprezy) swoje.<\/strong><\/p>\n<p>Oko\u0142o 300 os\u00f3b po godzinie 17:00 wyrzuci\u0142o z woreczk\u00f3w proszki. Te stworzy\u0142y wielokolorow\u0105 chmur\u0119. Wszystko to do dyskotekowej muzyki puszczanej przez DJ-a. Cz\u0119\u015b\u0107 os\u00f3b, kt\u00f3re skusi\u0142y si\u0119 wydarzeniem na Facebooku by\u0142y zawiedzione cen\u0105 proszk\u00f3w w oficjalnym sklepiku. Nale\u017cy jednak wzi\u0105\u0107 pod uwag\u0119, \u017ce organizator te\u017c chcia\u0142 pokry\u0107 w\u0142asne koszty, a nawet zarobi\u0107.<\/p>\n<p>Zainteresowanie imprez\u0105 pokazuje, \u017ce warto zorganizowa\u0107 taki event przy okazji Majostaszk\u00f3w w przysz\u0142ym roku.<\/p>\n<div style=\"width: 747px;\" class=\"wp-video\"><video class=\"wp-video-shortcode\" id=\"video-6517-1\" width=\"747\" height=\"420\" preload=\"metadata\" controls=\"controls\"><source type=\"video\/mp4\" src=\"http:\/\/ostrowska.tv\/wp-content\/uploads\/2018\/06\/kolor-fest.mp4?_=1\" \/><a href=\"http:\/\/ostrowska.tv\/wp-content\/uploads\/2018\/06\/kolor-fest.mp4\">http:\/\/ostrowska.tv\/wp-content\/uploads\/2018\/06\/kolor-fest.mp4<\/a><\/video><\/div>\n<div id='gallery-1' class='gallery galleryid-6517 gallery-columns-3 gallery-size-thumbnail'><figure class='gallery-item'>\n\t\t\t<div class='gallery-icon landscape'>\n\t\t\t\t<a href='https:\/\/ostrowskatv.pl\/?attachment_id=6518'><img loading=\"lazy\" decoding=\"async\" width=\"150\" height=\"150\" src=\"https:\/\/ostrowskatv.pl\/wp-content\/uploads\/2018\/06\/IMG_20180624_175355-150x150.jpg\" class=\"attachment-thumbnail size-thumbnail\" alt=\"\" \/><\/a>\n\t\t\t<\/div><\/figure><figure class='gallery-item'>\n\t\t\t<div class='gallery-icon landscape'>\n\t\t\t\t<a href='https:\/\/ostrowskatv.pl\/?attachment_id=6519'><img loading=\"lazy\" decoding=\"async\" width=\"150\" height=\"150\" src=\"https:\/\/ostrowskatv.pl\/wp-content\/uploads\/2018\/06\/IMG_20180624_175327-150x150.jpg\" class=\"attachment-thumbnail size-thumbnail\" alt=\"\" \/><\/a>\n\t\t\t<\/div><\/figure><figure class='gallery-item'>\n\t\t\t<div class='gallery-icon landscape'>\n\t\t\t\t<a href='https:\/\/ostrowskatv.pl\/?attachment_id=6520'><img loading=\"lazy\" decoding=\"async\" width=\"150\" height=\"150\" src=\"https:\/\/ostrowskatv.pl\/wp-content\/uploads\/2018\/06\/IMG_20180624_175128-150x150.jpg\" class=\"attachment-thumbnail size-thumbnail\" alt=\"\" \/><\/a>\n\t\t\t<\/div><\/figure><figure class='gallery-item'>\n\t\t\t<div class='gallery-icon landscape'>\n\t\t\t\t<a href='https:\/\/ostrowskatv.pl\/?attachment_id=6521'><img loading=\"lazy\" decoding=\"async\" width=\"150\" height=\"150\" src=\"https:\/\/ostrowskatv.pl\/wp-content\/uploads\/2018\/06\/IMG_20180624_175340-150x150.jpg\" class=\"attachment-thumbnail size-thumbnail\" alt=\"\" \/><\/a>\n\t\t\t<\/div><\/figure><figure class='gallery-item'>\n\t\t\t<div class='gallery-icon landscape'>\n\t\t\t\t<a href='https:\/\/ostrowskatv.pl\/?attachment_id=6522'><img loading=\"lazy\" decoding=\"async\" width=\"150\" height=\"150\" src=\"https:\/\/ostrowskatv.pl\/wp-content\/uploads\/2018\/06\/IMG_20180624_175335-150x150.jpg\" class=\"attachment-thumbnail size-thumbnail\" alt=\"\" \/><\/a>\n\t\t\t<\/div><\/figure><figure class='gallery-item'>\n\t\t\t<div class='gallery-icon landscape'>\n\t\t\t\t<a href='https:\/\/ostrowskatv.pl\/?attachment_id=6523'><img loading=\"lazy\" decoding=\"async\" width=\"150\" height=\"150\" src=\"https:\/\/ostrowskatv.pl\/wp-content\/uploads\/2018\/06\/IMG_20180624_175123-150x150.jpg\" class=\"attachment-thumbnail size-thumbnail\" alt=\"\" \/><\/a>\n\t\t\t<\/div><\/figure><figure class='gallery-item'>\n\t\t\t<div class='gallery-icon landscape'>\n\t\t\t\t<a href='https:\/\/ostrowskatv.pl\/?attachment_id=6524'><img loading=\"lazy\" decoding=\"async\" width=\"150\" height=\"150\" src=\"https:\/\/ostrowskatv.pl\/wp-content\/uploads\/2018\/06\/IMG_20180624_175053-150x150.jpg\" class=\"attachment-thumbnail size-thumbnail\" alt=\"\" \/><\/a>\n\t\t\t<\/div><\/figure>\n\t\t<\/div>\n\n<p>&nbsp;<\/p>\n","protected":false},"excerpt":{"rendered":"Padaj\u0105cy deszcz nie przeszkodzi\u0142 t\u0142umowi pobawi\u0107 si\u0119 kolorowymi proszkami Holi. Na parkingu przy Piaskach-Szczygliczce prywatna firma z Bydgoszczy zorganizowa\u0142a Kolor Fest &#8211; czyli \n<a class=\"moretag\" href=\"https:\/\/ostrowskatv.pl\/?p=6517\"> [...]<\/a>","protected":false},"author":1,"featured_media":6523,"comment_status":"open","ping_status":"closed","sticky":false,"template":"","format":"standard","meta":{"footnotes":""},"categories":[1],"tags":[2],"class_list":["post-6517","post","type-post","status-publish","format-standard","has-post-thumbnail","hentry","category-news","tag-ostrow-wielkopolski"],"_links":{"self":[{"href":"https:\/\/ostrowskatv.pl\/index.php?rest_route=\/wp\/v2\/posts\/6517","targetHints":{"allow":["GET"]}}],"collection":[{"href":"https:\/\/ostrowskatv.pl\/index.php?rest_route=\/wp\/v2\/posts"}],"about":[{"href":"https:\/\/ostrowskatv.pl\/index.php?rest_route=\/wp\/v2\/types\/post"}],"author":[{"embeddable":true,"href":"https:\/\/ostrowskatv.pl\/index.php?rest_route=\/wp\/v2\/users\/1"}],"replies":[{"embeddable":true,"href":"https:\/\/ostrowskatv.pl\/index.php?rest_route=%2Fwp%2Fv2%2Fcomments&post=6517"}],"version-history":[{"count":0,"href":"https:\/\/ostrowskatv.pl\/index.php?rest_route=\/wp\/v2\/posts\/6517\/revisions"}],"wp:featuredmedia":[{"embeddable":true,"href":"https:\/\/ostrowskatv.pl\/index.php?rest_route=\/wp\/v2\/media\/6523"}],"wp:attachment":[{"href":"https:\/\/ostrowskatv.pl\/index.php?rest_route=%2Fwp%2Fv2%2Fmedia&parent=6517"}],"wp:term":[{"taxonomy":"category","embeddable":true,"href":"https:\/\/ostrowskatv.pl\/index.php?rest_route=%2Fwp%2Fv2%2Fcategories&post=6517"},{"taxonomy":"post_tag","embeddable":true,"href":"https:\/\/ostrowskatv.pl\/index.php?rest_route=%2Fwp%2Fv2%2Ftags&post=6517"}],"curies":[{"name":"wp","href":"https:\/\/api.w.org\/{rel}","templated":true}]}}