{"id":6511,"date":"2018-06-24T14:31:35","date_gmt":"2018-06-24T13:31:35","guid":{"rendered":"http:\/\/ostrowska.tv\/?p=6511"},"modified":"2018-06-24T16:06:28","modified_gmt":"2018-06-24T15:06:28","slug":"wypadek-z-udzialem-12-letnich-kolarzy","status":"publish","type":"post","link":"https:\/\/ostrowskatv.pl\/?p=6511","title":{"rendered":"Wypadek z udzia\u0142em 12-letnich kolarzy"},"content":{"rendered":"<p><strong>Podczas Mistrzostw Polski Szk\u00f3\u0142ek Kolarskich,\u00a0 kt\u00f3re odbywa\u0142y si\u0119 w gm. Raszk\u00f3w, dosz\u0142o do wypadku. Wed\u0142ug relacji \u015bwiadk\u00f3w, policjant zabezpieczaj\u0105cy tras\u0119 przejazdu zagapi\u0142 si\u0119 i nie zatrzyma\u0142 kierowcy Forda jad\u0105cego po drodze z pierwsze\u0144stwem.<\/strong><\/p>\n<p>Dw\u00f3ch 12-letnich kolarzy wjechalo w bok samochodu. Dodajmy, \u017ce m\u0142odzi kolarze potrafi\u0105 jecha\u0107 z pr\u0119dko\u015bci\u0105 ok. 50 km\/h. Poszkodowani trafili do ostrowskiego szpitala. Jeden ma st\u0142uczone biodro i rozciet\u0105 nog\u0119 ko\u0142o kostki, a drugi mia\u0142 uraz g\u0142owy od wpadni\u0119cia w boczn\u0105 szyb\u0119.<\/p>\n<div id='gallery-1' class='gallery galleryid-6511 gallery-columns-3 gallery-size-thumbnail'><figure class='gallery-item'>\n\t\t\t<div class='gallery-icon portrait'>\n\t\t\t\t<a href='https:\/\/ostrowskatv.pl\/?attachment_id=6509'><img loading=\"lazy\" decoding=\"async\" width=\"150\" height=\"150\" src=\"https:\/\/ostrowskatv.pl\/wp-content\/uploads\/2018\/06\/IMG_20180624_142253-01-150x150.jpeg\" class=\"attachment-thumbnail size-thumbnail\" alt=\"\" aria-describedby=\"gallery-1-6509\" \/><\/a>\n\t\t\t<\/div>\n\t\t\t\t<figcaption class='wp-caption-text gallery-caption' id='gallery-1-6509'>\n\t\t\t\toznor\n\t\t\t\t<\/figcaption><\/figure><figure class='gallery-item'>\n\t\t\t<div class='gallery-icon landscape'>\n\t\t\t\t<a href='https:\/\/ostrowskatv.pl\/?attachment_id=6508'><img loading=\"lazy\" decoding=\"async\" width=\"150\" height=\"150\" src=\"https:\/\/ostrowskatv.pl\/wp-content\/uploads\/2018\/06\/IMG_20180624_135644-01-150x150.jpg\" class=\"attachment-thumbnail size-thumbnail\" alt=\"\" \/><\/a>\n\t\t\t<\/div><\/figure><figure class='gallery-item'>\n\t\t\t<div class='gallery-icon landscape'>\n\t\t\t\t<a href='https:\/\/ostrowskatv.pl\/?attachment_id=6510'><img loading=\"lazy\" decoding=\"async\" width=\"150\" height=\"150\" src=\"https:\/\/ostrowskatv.pl\/wp-content\/uploads\/2018\/06\/IMG_20180624_135636-01-150x150.jpg\" class=\"attachment-thumbnail size-thumbnail\" alt=\"\" \/><\/a>\n\t\t\t<\/div><\/figure><figure class='gallery-item'>\n\t\t\t<div class='gallery-icon landscape'>\n\t\t\t\t<a href='https:\/\/ostrowskatv.pl\/?attachment_id=6507'><img loading=\"lazy\" decoding=\"async\" width=\"150\" height=\"150\" src=\"https:\/\/ostrowskatv.pl\/wp-content\/uploads\/2018\/06\/IMG_20180624_140832-01-150x150.jpeg\" class=\"attachment-thumbnail size-thumbnail\" alt=\"\" aria-describedby=\"gallery-1-6507\" \/><\/a>\n\t\t\t<\/div>\n\t\t\t\t<figcaption class='wp-caption-text gallery-caption' id='gallery-1-6507'>\n\t\t\t\toznor\n\t\t\t\t<\/figcaption><\/figure><figure class='gallery-item'>\n\t\t\t<div class='gallery-icon landscape'>\n\t\t\t\t<a href='https:\/\/ostrowskatv.pl\/?attachment_id=6506'><img loading=\"lazy\" decoding=\"async\" width=\"150\" height=\"150\" src=\"https:\/\/ostrowskatv.pl\/wp-content\/uploads\/2018\/06\/IMG_20180624_140659_1-01-150x150.jpg\" class=\"attachment-thumbnail size-thumbnail\" alt=\"\" \/><\/a>\n\t\t\t<\/div><\/figure><figure class='gallery-item'>\n\t\t\t<div class='gallery-icon portrait'>\n\t\t\t\t<a href='https:\/\/ostrowskatv.pl\/?attachment_id=6505'><img loading=\"lazy\" decoding=\"async\" width=\"150\" height=\"150\" src=\"https:\/\/ostrowskatv.pl\/wp-content\/uploads\/2018\/06\/IMG_20180624_135937-01-150x150.jpeg\" class=\"attachment-thumbnail size-thumbnail\" alt=\"\" aria-describedby=\"gallery-1-6505\" \/><\/a>\n\t\t\t<\/div>\n\t\t\t\t<figcaption class='wp-caption-text gallery-caption' id='gallery-1-6505'>\n\t\t\t\toznor\n\t\t\t\t<\/figcaption><\/figure>\n\t\t<\/div>\n\n","protected":false},"excerpt":{"rendered":"Podczas Mistrzostw Polski Szk\u00f3\u0142ek Kolarskich,\u00a0 kt\u00f3re odbywa\u0142y si\u0119 w gm. Raszk\u00f3w, dosz\u0142o do wypadku. Wed\u0142ug relacji \u015bwiadk\u00f3w, policjant zabezpieczaj\u0105cy tras\u0119 przejazdu zagapi\u0142 si\u0119 \n<a class=\"moretag\" href=\"https:\/\/ostrowskatv.pl\/?p=6511\"> [...]<\/a>","protected":false},"author":1,"featured_media":6508,"comment_status":"open","ping_status":"closed","sticky":false,"template":"","format":"standard","meta":{"footnotes":""},"categories":[1],"tags":[73],"class_list":["post-6511","post","type-post","status-publish","format-standard","has-post-thumbnail","hentry","category-news","tag-raszkow"],"_links":{"self":[{"href":"https:\/\/ostrowskatv.pl\/index.php?rest_route=\/wp\/v2\/posts\/6511","targetHints":{"allow":["GET"]}}],"collection":[{"href":"https:\/\/ostrowskatv.pl\/index.php?rest_route=\/wp\/v2\/posts"}],"about":[{"href":"https:\/\/ostrowskatv.pl\/index.php?rest_route=\/wp\/v2\/types\/post"}],"author":[{"embeddable":true,"href":"https:\/\/ostrowskatv.pl\/index.php?rest_route=\/wp\/v2\/users\/1"}],"replies":[{"embeddable":true,"href":"https:\/\/ostrowskatv.pl\/index.php?rest_route=%2Fwp%2Fv2%2Fcomments&post=6511"}],"version-history":[{"count":0,"href":"https:\/\/ostrowskatv.pl\/index.php?rest_route=\/wp\/v2\/posts\/6511\/revisions"}],"wp:featuredmedia":[{"embeddable":true,"href":"https:\/\/ostrowskatv.pl\/index.php?rest_route=\/wp\/v2\/media\/6508"}],"wp:attachment":[{"href":"https:\/\/ostrowskatv.pl\/index.php?rest_route=%2Fwp%2Fv2%2Fmedia&parent=6511"}],"wp:term":[{"taxonomy":"category","embeddable":true,"href":"https:\/\/ostrowskatv.pl\/index.php?rest_route=%2Fwp%2Fv2%2Fcategories&post=6511"},{"taxonomy":"post_tag","embeddable":true,"href":"https:\/\/ostrowskatv.pl\/index.php?rest_route=%2Fwp%2Fv2%2Ftags&post=6511"}],"curies":[{"name":"wp","href":"https:\/\/api.w.org\/{rel}","templated":true}]}}