{"id":6484,"date":"2018-06-23T20:15:19","date_gmt":"2018-06-23T19:15:19","guid":{"rendered":"http:\/\/ostrowska.tv\/?p=6484"},"modified":"2018-06-23T20:15:19","modified_gmt":"2018-06-23T19:15:19","slug":"wybrano-najpiekniejsze-wielkopolanki","status":"publish","type":"post","link":"https:\/\/ostrowskatv.pl\/?p=6484","title":{"rendered":"Wybrano najpi\u0119kniejsze wielkopolanki"},"content":{"rendered":"<p><strong>Pi\u0105tkowy wiecz\u00f3r w Ostrowskim Centrum Kultury by\u0142 pe\u0142en wielkich emocji. To w\u0142a\u015bnie w naszym mie\u015bcie odby\u0142a si\u0119 Gala Fina\u0142owa konkursu, kt\u00f3ry przez lata zyska\u0142 niepodwa\u017caln\u0105 renom\u0119 w\u015br\u00f3d prawdziwych znawc\u00f3w \u015bwiata pi\u0119kna i mody. Decyzje jury wzbudza\u0142y emocje.<\/strong><\/p>\n<p>{openx:1}<\/p>\n<p>W pi\u0105tkowy wiecz\u00f3r by\u0142\u00a0ukoronowaniem kilkumiesi\u0119cznej pracy 40 finalistek konkursu, kt\u00f3re zosta\u0142y wy\u0142onione podczas casting\u00f3w (z ponad 300<span class=\"text_exposed_show\">\u00a0zg\u0142osze\u0144), a nast\u0119pnie z grupy ponad 100 p\u00f3\u0142finalistek. Uczestniczy\u0142y m.in. w sesja zdj\u0119ciowych, zgrupowaniu oraz wielogodzinnych pr\u00f3bach choreograficznych pod okiem\u00a0<a class=\"profileLink\" href=\"https:\/\/www.facebook.com\/kinga.mucha.988?fref=mentions\" data-hovercard=\"\/ajax\/hovercard\/user.php?id=100001171952303&amp;extragetparams=%7B%22fref%22%3A%22mentions%22%7D\" data-hovercard-prefer-more-content-show=\"1\">Kinga Mucha<\/a>\u00a0oraz\u00a0<a class=\"profileLink\" href=\"https:\/\/www.facebook.com\/profile.php?id=1194497652&amp;fref=mentions\" data-hovercard=\"\/ajax\/hovercard\/user.php?id=1194497652&amp;extragetparams=%7B%22fref%22%3A%22mentions%22%7D\" data-hovercard-prefer-more-content-show=\"1\">Konrad M\u0142odzi\u0144ski<\/a>.\u00a0<\/span><\/p>\n<p>Finalistki doros\u0142e najpierw zaprezentowa\u0142y si\u0119 w strojach wieczorowych. Nastolatki w strojach letnich. Po przerwie dziewcz\u0119ta zaprezentowa\u0142y si\u0119 w strojach k\u0105pielowych. Nie zabrak\u0142o prezentacji w sukniach \u015blubnych.<\/p>\n<div id='gallery-1' class='gallery galleryid-6484 gallery-columns-3 gallery-size-thumbnail'><figure class='gallery-item'>\n\t\t\t<div class='gallery-icon landscape'>\n\t\t\t\t<a href='https:\/\/ostrowskatv.pl\/?attachment_id=6485'><img loading=\"lazy\" decoding=\"async\" width=\"150\" height=\"150\" src=\"https:\/\/ostrowskatv.pl\/wp-content\/uploads\/2018\/06\/miss-01-150x150.jpg\" class=\"attachment-thumbnail size-thumbnail\" alt=\"\" \/><\/a>\n\t\t\t<\/div><\/figure><figure class='gallery-item'>\n\t\t\t<div class='gallery-icon landscape'>\n\t\t\t\t<a href='https:\/\/ostrowskatv.pl\/?attachment_id=6486'><img loading=\"lazy\" decoding=\"async\" width=\"150\" height=\"150\" src=\"https:\/\/ostrowskatv.pl\/wp-content\/uploads\/2018\/06\/miss-02-150x150.jpg\" class=\"attachment-thumbnail size-thumbnail\" alt=\"\" \/><\/a>\n\t\t\t<\/div><\/figure><figure class='gallery-item'>\n\t\t\t<div class='gallery-icon landscape'>\n\t\t\t\t<a href='https:\/\/ostrowskatv.pl\/?attachment_id=6487'><img loading=\"lazy\" decoding=\"async\" width=\"150\" height=\"150\" src=\"https:\/\/ostrowskatv.pl\/wp-content\/uploads\/2018\/06\/miss-03-150x150.jpg\" class=\"attachment-thumbnail size-thumbnail\" alt=\"\" \/><\/a>\n\t\t\t<\/div><\/figure><figure class='gallery-item'>\n\t\t\t<div class='gallery-icon landscape'>\n\t\t\t\t<a href='https:\/\/ostrowskatv.pl\/?attachment_id=6488'><img loading=\"lazy\" decoding=\"async\" width=\"150\" height=\"150\" src=\"https:\/\/ostrowskatv.pl\/wp-content\/uploads\/2018\/06\/miss-04-150x150.jpg\" class=\"attachment-thumbnail size-thumbnail\" alt=\"\" \/><\/a>\n\t\t\t<\/div><\/figure><figure class='gallery-item'>\n\t\t\t<div class='gallery-icon landscape'>\n\t\t\t\t<a href='https:\/\/ostrowskatv.pl\/?attachment_id=6489'><img loading=\"lazy\" decoding=\"async\" width=\"150\" height=\"150\" src=\"https:\/\/ostrowskatv.pl\/wp-content\/uploads\/2018\/06\/miss-05-150x150.jpg\" class=\"attachment-thumbnail size-thumbnail\" alt=\"\" \/><\/a>\n\t\t\t<\/div><\/figure><figure class='gallery-item'>\n\t\t\t<div class='gallery-icon landscape'>\n\t\t\t\t<a href='https:\/\/ostrowskatv.pl\/?attachment_id=6490'><img loading=\"lazy\" decoding=\"async\" width=\"150\" height=\"150\" src=\"https:\/\/ostrowskatv.pl\/wp-content\/uploads\/2018\/06\/miss-06-150x150.jpg\" class=\"attachment-thumbnail size-thumbnail\" alt=\"\" \/><\/a>\n\t\t\t<\/div><\/figure><figure class='gallery-item'>\n\t\t\t<div class='gallery-icon landscape'>\n\t\t\t\t<a href='https:\/\/ostrowskatv.pl\/?attachment_id=6491'><img loading=\"lazy\" decoding=\"async\" width=\"150\" height=\"150\" src=\"https:\/\/ostrowskatv.pl\/wp-content\/uploads\/2018\/06\/miss-07-150x150.jpg\" class=\"attachment-thumbnail size-thumbnail\" alt=\"\" \/><\/a>\n\t\t\t<\/div><\/figure><figure class='gallery-item'>\n\t\t\t<div class='gallery-icon landscape'>\n\t\t\t\t<a href='https:\/\/ostrowskatv.pl\/?attachment_id=6492'><img loading=\"lazy\" decoding=\"async\" width=\"150\" height=\"150\" src=\"https:\/\/ostrowskatv.pl\/wp-content\/uploads\/2018\/06\/miss-08-150x150.jpg\" class=\"attachment-thumbnail size-thumbnail\" alt=\"\" \/><\/a>\n\t\t\t<\/div><\/figure><figure class='gallery-item'>\n\t\t\t<div class='gallery-icon landscape'>\n\t\t\t\t<a href='https:\/\/ostrowskatv.pl\/?attachment_id=6493'><img loading=\"lazy\" decoding=\"async\" width=\"150\" height=\"150\" src=\"https:\/\/ostrowskatv.pl\/wp-content\/uploads\/2018\/06\/miss-09-150x150.jpg\" class=\"attachment-thumbnail size-thumbnail\" alt=\"\" \/><\/a>\n\t\t\t<\/div><\/figure><figure class='gallery-item'>\n\t\t\t<div class='gallery-icon landscape'>\n\t\t\t\t<a href='https:\/\/ostrowskatv.pl\/?attachment_id=6494'><img loading=\"lazy\" decoding=\"async\" width=\"150\" height=\"150\" src=\"https:\/\/ostrowskatv.pl\/wp-content\/uploads\/2018\/06\/miss-10-150x150.jpg\" class=\"attachment-thumbnail size-thumbnail\" alt=\"\" \/><\/a>\n\t\t\t<\/div><\/figure><figure class='gallery-item'>\n\t\t\t<div class='gallery-icon landscape'>\n\t\t\t\t<a href='https:\/\/ostrowskatv.pl\/?attachment_id=6495'><img loading=\"lazy\" decoding=\"async\" width=\"150\" height=\"150\" src=\"https:\/\/ostrowskatv.pl\/wp-content\/uploads\/2018\/06\/miss-11-150x150.jpg\" class=\"attachment-thumbnail size-thumbnail\" alt=\"\" \/><\/a>\n\t\t\t<\/div><\/figure><figure class='gallery-item'>\n\t\t\t<div class='gallery-icon landscape'>\n\t\t\t\t<a href='https:\/\/ostrowskatv.pl\/?attachment_id=6496'><img loading=\"lazy\" decoding=\"async\" width=\"150\" height=\"150\" src=\"https:\/\/ostrowskatv.pl\/wp-content\/uploads\/2018\/06\/miss-12-150x150.jpg\" class=\"attachment-thumbnail size-thumbnail\" alt=\"\" \/><\/a>\n\t\t\t<\/div><\/figure><figure class='gallery-item'>\n\t\t\t<div class='gallery-icon landscape'>\n\t\t\t\t<a href='https:\/\/ostrowskatv.pl\/?attachment_id=6497'><img loading=\"lazy\" decoding=\"async\" width=\"150\" height=\"150\" src=\"https:\/\/ostrowskatv.pl\/wp-content\/uploads\/2018\/06\/miss-13-150x150.jpg\" class=\"attachment-thumbnail size-thumbnail\" alt=\"\" \/><\/a>\n\t\t\t<\/div><\/figure><figure class='gallery-item'>\n\t\t\t<div class='gallery-icon landscape'>\n\t\t\t\t<a href='https:\/\/ostrowskatv.pl\/?attachment_id=6498'><img loading=\"lazy\" decoding=\"async\" width=\"150\" height=\"150\" src=\"https:\/\/ostrowskatv.pl\/wp-content\/uploads\/2018\/06\/miss-14-150x150.jpg\" class=\"attachment-thumbnail size-thumbnail\" alt=\"\" \/><\/a>\n\t\t\t<\/div><\/figure><figure class='gallery-item'>\n\t\t\t<div class='gallery-icon landscape'>\n\t\t\t\t<a href='https:\/\/ostrowskatv.pl\/?attachment_id=6499'><img loading=\"lazy\" decoding=\"async\" width=\"150\" height=\"150\" src=\"https:\/\/ostrowskatv.pl\/wp-content\/uploads\/2018\/06\/miss-15-150x150.jpg\" class=\"attachment-thumbnail size-thumbnail\" alt=\"\" \/><\/a>\n\t\t\t<\/div><\/figure>\n\t\t<\/div>\n\n<p>Oto nowe kr\u00f3lowe Wielkopolski<\/p>\n<p>Wielkopolska Miss 2018 \u2013\u00a0<a class=\"profileLink\" href=\"https:\/\/www.facebook.com\/paulinka.sokowicz?fref=mentions\" data-hovercard=\"\/ajax\/hovercard\/user.php?id=100001931057615&amp;extragetparams=%7B%22fref%22%3A%22mentions%22%7D\" data-hovercard-prefer-more-content-show=\"1\">Paulina Sokowicz<\/a><br \/>\nWielkopolska I Wicemiss 2018 \u2013\u00a0<a class=\"profileLink\" href=\"https:\/\/www.facebook.com\/profile.php?id=100001540473034&amp;fref=mentions\" data-hovercard=\"\/ajax\/hovercard\/user.php?id=100001540473034&amp;extragetparams=%7B%22fref%22%3A%22mentions%22%7D\" data-hovercard-prefer-more-content-show=\"1\">Klaudia Imio\u0142ek<\/a><br \/>\nWielkopolska II Wicemiss 2018 \u2013\u00a0<a class=\"profileLink\" href=\"https:\/\/www.facebook.com\/agata.chrosniak?fref=mentions\" data-hovercard=\"\/ajax\/hovercard\/user.php?id=100001783887545&amp;extragetparams=%7B%22fref%22%3A%22mentions%22%7D\" data-hovercard-prefer-more-content-show=\"1\">Agata Chro\u015bniak<\/a><span class=\"text_exposed_show\"><br \/>\nWielkopolska III Wicemiss 2018 \u2013\u00a0<a class=\"profileLink\" href=\"https:\/\/www.facebook.com\/kmarczynska?fref=mentions\" data-hovercard=\"\/ajax\/hovercard\/user.php?id=100001731022494&amp;extragetparams=%7B%22fref%22%3A%22mentions%22%7D\" data-hovercard-prefer-more-content-show=\"1\">Karolina Marczy\u0144ska<\/a><br \/>\nWielkopolska IV Wicemiss 2018 &#8211;\u00a0<a class=\"profileLink\" href=\"https:\/\/www.facebook.com\/klaudia.zawrocka?fref=mentions\" data-hovercard=\"\/ajax\/hovercard\/user.php?id=1780371177&amp;extragetparams=%7B%22fref%22%3A%22mentions%22%7D\" data-hovercard-prefer-more-content-show=\"1\">Klaudia Zawrocka<\/a><\/span><\/p>\n<div class=\"text_exposed_show\">\n<p>Wielkopolska Miss Nastolatek 2018 \u2013\u00a0<a class=\"profileLink\" href=\"https:\/\/www.facebook.com\/profile.php?id=100003049441700&amp;fref=mentions\" data-hovercard=\"\/ajax\/hovercard\/user.php?id=100003049441700&amp;extragetparams=%7B%22fref%22%3A%22mentions%22%7D\" data-hovercard-prefer-more-content-show=\"1\">Zuza \u0141awrynowicz<\/a><br \/>\nWielkopolska I Wicemiss Nastolatek 2018 \u2013\u00a0<a class=\"profileLink\" href=\"https:\/\/www.facebook.com\/profile.php?id=100008272746056&amp;fref=mentions\" data-hovercard=\"\/ajax\/hovercard\/user.php?id=100008272746056&amp;extragetparams=%7B%22fref%22%3A%22mentions%22%7D\" data-hovercard-prefer-more-content-show=\"1\">Wiktoria Grzesiak<\/a><br \/>\nWielkopolska II Wicemiss Nastolatek 2018 \u2013\u00a0<a class=\"profileLink\" href=\"https:\/\/www.facebook.com\/wiktoria.ejzemberg.7?fref=mentions\" data-hovercard=\"\/ajax\/hovercard\/user.php?id=100007029634653&amp;extragetparams=%7B%22fref%22%3A%22mentions%22%7D\" data-hovercard-prefer-more-content-show=\"1\">Victoria Ejzemberg<\/a><br \/>\nWielkopolska III Wicemiss Nastolatek 2018 \u2013\u00a0<a class=\"profileLink\" href=\"https:\/\/www.facebook.com\/profile.php?id=100003549818143&amp;fref=mentions\" data-hovercard=\"\/ajax\/hovercard\/user.php?id=100003549818143&amp;extragetparams=%7B%22fref%22%3A%22mentions%22%7D\" data-hovercard-prefer-more-content-show=\"1\">Wiktoria P\u0142ywaczyk<\/a><br \/>\nWielkopolska IV Wicemiss Nastolatek 2018 \u2013\u00a0<a class=\"profileLink\" href=\"https:\/\/www.facebook.com\/martyna.majewska.334?fref=mentions\" data-hovercard=\"\/ajax\/hovercard\/user.php?id=100005359801933&amp;extragetparams=%7B%22fref%22%3A%22mentions%22%7D\" data-hovercard-prefer-more-content-show=\"1\">Martyna Majewska<\/a><\/p>\n<p>Wielkopolska Miss Publiczno\u015bci 2018 \u2013\u00a0<a class=\"profileLink\" href=\"https:\/\/www.facebook.com\/profile.php?id=100003549818143&amp;fref=mentions\" data-hovercard=\"\/ajax\/hovercard\/user.php?id=100003549818143&amp;extragetparams=%7B%22fref%22%3A%22mentions%22%7D\" data-hovercard-prefer-more-content-show=\"1\">Wiktoria P\u0142ywaczyk<\/a><br \/>\nWielkopolska Miss Foto 2018 \u2013\u00a0<a class=\"profileLink\" href=\"https:\/\/www.facebook.com\/agata.chrosniak?fref=mentions\" data-hovercard=\"\/ajax\/hovercard\/user.php?id=100001783887545&amp;extragetparams=%7B%22fref%22%3A%22mentions%22%7D\" data-hovercard-prefer-more-content-show=\"1\">Agata Chro\u015bniak<\/a><br \/>\nWielkopolska Miss Gracji i Elegancji 2018 \u2013\u00a0<a class=\"profileLink\" href=\"https:\/\/www.facebook.com\/iga.kokocinska?fref=mentions\" data-hovercard=\"\/ajax\/hovercard\/user.php?id=100002300523645&amp;extragetparams=%7B%22fref%22%3A%22mentions%22%7D\" data-hovercard-prefer-more-content-show=\"1\">Iga Kokoci\u0144ska<\/a><\/p>\n<p>Wielkopolska Miss Internaut\u00f3w 2018 \u2013\u00a0<a class=\"profileLink\" href=\"https:\/\/www.facebook.com\/klaudia.czechowska?fref=mentions\" data-hovercard=\"\/ajax\/hovercard\/user.php?id=100003475682428&amp;extragetparams=%7B%22fref%22%3A%22mentions%22%7D\" data-hovercard-prefer-more-content-show=\"1\">Klaudia Czechowska<\/a><br \/>\nWielkopolska I Wicemiss Internaut\u00f3w 2018 \u2013\u00a0<a class=\"profileLink\" href=\"https:\/\/www.facebook.com\/kmarczynska?fref=mentions\" data-hovercard=\"\/ajax\/hovercard\/user.php?id=100001731022494&amp;extragetparams=%7B%22fref%22%3A%22mentions%22%7D\" data-hovercard-prefer-more-content-show=\"1\">Karolina Marczy\u0144ska<\/a><br \/>\nWielkopolska Miss Nastolatek Internaut\u00f3w 2018 \u2013 Martyna Majewska<\/p>\n<p>Wielkopolska Miss Bikini 2018 \u2013\u00a0<a class=\"profileLink\" href=\"https:\/\/www.facebook.com\/magda9876?fref=mentions\" data-hovercard=\"\/ajax\/hovercard\/user.php?id=100002922066629&amp;extragetparams=%7B%22fref%22%3A%22mentions%22%7D\" data-hovercard-prefer-more-content-show=\"1\">Klaudia<\/a>\u00a0Rakoczy<br \/>\nWielkopolska Miss\u00a0<a class=\"profileLink\" href=\"https:\/\/www.facebook.com\/kashmirspaostrowwlkp\/?fref=mentions\" data-hovercard=\"\/ajax\/hovercard\/page.php?id=584574765039158&amp;extragetparams=%7B%22fref%22%3A%22mentions%22%7D\" data-hovercard-prefer-more-content-show=\"1\">Kashmir Spa<\/a>\u00a02018 \u2013\u00a0<a class=\"profileLink\" href=\"https:\/\/www.facebook.com\/Valeri.Hrebennyk?fref=mentions\" data-hovercard=\"\/ajax\/hovercard\/user.php?id=100002282276323&amp;extragetparams=%7B%22fref%22%3A%22mentions%22%7D\" data-hovercard-prefer-more-content-show=\"1\">Valeri Hrebennyk<\/a><br \/>\nWielkopolska Miss\u00a0<a class=\"profileLink\" href=\"https:\/\/www.facebook.com\/AzulenaBeachwear\/?fref=mentions\" data-hovercard=\"\/ajax\/hovercard\/page.php?id=147050272134450&amp;extragetparams=%7B%22fref%22%3A%22mentions%22%7D\" data-hovercard-prefer-more-content-show=\"1\">Azulena<\/a>\u00a02018 \u2013\u00a0<a class=\"profileLink\" href=\"https:\/\/www.facebook.com\/sieczkarek?fref=mentions\" data-hovercard=\"\/ajax\/hovercard\/user.php?id=100000770362299&amp;extragetparams=%7B%22fref%22%3A%22mentions%22%7D\" data-hovercard-prefer-more-content-show=\"1\">Klaudia Sieczkarek<\/a><br \/>\nWielkopolska Miss Pi\u0119knych W\u0142os\u00f3w 2018 \u2013\u00a0<a class=\"profileLink\" href=\"https:\/\/www.facebook.com\/sandra.tarent?fref=mentions\" data-hovercard=\"\/ajax\/hovercard\/user.php?id=100000505466468&amp;extragetparams=%7B%22fref%22%3A%22mentions%22%7D\" data-hovercard-prefer-more-content-show=\"1\">Sandra Tarent<\/a><br \/>\nWielkopolska Miss\u00a0<a class=\"profileLink\" href=\"https:\/\/www.facebook.com\/poznanskiprestiz\/?fref=mentions\" data-hovercard=\"\/ajax\/hovercard\/page.php?id=1110173882384044&amp;extragetparams=%7B%22fref%22%3A%22mentions%22%7D\" data-hovercard-prefer-more-content-show=\"1\">Pozna\u0144ski presti\u017c<\/a>\u00a02018 \u2013\u00a0<a class=\"profileLink\" href=\"https:\/\/www.facebook.com\/ewa.ciesielska.50?fref=mentions\" data-hovercard=\"\/ajax\/hovercard\/user.php?id=100001636541457&amp;extragetparams=%7B%22fref%22%3A%22mentions%22%7D\" data-hovercard-prefer-more-content-show=\"1\">Ewa Ciesielska<\/a><br \/>\nWielkopolska Miss\u00a0<a class=\"profileLink\" href=\"https:\/\/www.facebook.com\/pvenergiazachod\/?fref=mentions\" data-hovercard=\"\/ajax\/hovercard\/page.php?id=388944834957066&amp;extragetparams=%7B%22fref%22%3A%22mentions%22%7D\" data-hovercard-prefer-more-content-show=\"1\">PV Energia Polska &#8211; Oddzia\u0142 Zachodni<\/a>\u00a02018 \u2013\u00a0<a class=\"profileLink\" href=\"https:\/\/www.facebook.com\/klaudia.zawrocka?fref=mentions\" data-hovercard=\"\/ajax\/hovercard\/user.php?id=1780371177&amp;extragetparams=%7B%22fref%22%3A%22mentions%22%7D\" data-hovercard-prefer-more-content-show=\"1\">Klaudia Zawrocka<\/a><br \/>\nWielkopolska Miss Wytrwa\u0142o\u015bci 2018 \u2013 Joanna\u00a0<a class=\"profileLink\" href=\"https:\/\/www.facebook.com\/joanna.tomaszewska.3910?fref=mentions\" data-hovercard=\"\/ajax\/hovercard\/user.php?id=100004067650197&amp;extragetparams=%7B%22fref%22%3A%22mentions%22%7D\" data-hovercard-prefer-more-content-show=\"1\">Tomaszewska<\/a><br \/>\nWielkopolska Miss Magnes Club 2018 &#8211;\u00a0<a class=\"profileLink\" href=\"https:\/\/www.facebook.com\/iga.kokocinska?fref=mentions\" data-hovercard=\"\/ajax\/hovercard\/user.php?id=100002300523645&amp;extragetparams=%7B%22fref%22%3A%22mentions%22%7D\" data-hovercard-prefer-more-content-show=\"1\">Iga Kokoci\u0144ska<\/a><br \/>\nWielkopolska Miss Pacha Pozna\u0144 2018 &#8211;\u00a0<a class=\"profileLink\" href=\"https:\/\/www.facebook.com\/profile.php?id=100001540473034&amp;fref=mentions\" data-hovercard=\"\/ajax\/hovercard\/user.php?id=100001540473034&amp;extragetparams=%7B%22fref%22%3A%22mentions%22%7D\" data-hovercard-prefer-more-content-show=\"1\">Klaudia Imio\u0142ek<\/a><\/p>\n<p>Dzi\u0119kujemy wszystkim za przybycie i naszym partnerom konkursu za wsparcie<span class=\"_5mfr _47e3\"><img loading=\"lazy\" decoding=\"async\" class=\"img\" role=\"presentation\" src=\"https:\/\/static.xx.fbcdn.net\/images\/emoji.php\/v9\/f50\/1\/16\/2757.png\" alt=\"\" width=\"16\" height=\"16\" \/><span class=\"_7oe\">&#x2757;<\/span><\/span>\u00a0Bez Was nie ma nas<span class=\"_5mfr _47e3\"><img loading=\"lazy\" decoding=\"async\" class=\"img\" role=\"presentation\" src=\"https:\/\/static.xx.fbcdn.net\/images\/emoji.php\/v9\/f50\/1\/16\/2757.png\" alt=\"\" width=\"16\" height=\"16\" \/><span class=\"_7oe\">&#x2757;<\/span><\/span>\u00a0Na wi\u0119cej przyjdzie czas na dniach\u00a0<span class=\"_5mfr _47e3\"><img loading=\"lazy\" decoding=\"async\" class=\"img\" role=\"presentation\" src=\"https:\/\/static.xx.fbcdn.net\/images\/emoji.php\/v9\/f51\/1\/16\/1f603.png\" alt=\"\" width=\"16\" height=\"16\" \/><span class=\"_7oe\">&#x1f603;<\/span><\/span><\/p>\n<\/div>\n","protected":false},"excerpt":{"rendered":"Pi\u0105tkowy wiecz\u00f3r w Ostrowskim Centrum Kultury by\u0142 pe\u0142en wielkich emocji. To w\u0142a\u015bnie w naszym mie\u015bcie odby\u0142a si\u0119 Gala Fina\u0142owa konkursu, kt\u00f3ry przez lata \n<a class=\"moretag\" href=\"https:\/\/ostrowskatv.pl\/?p=6484\"> [...]<\/a>","protected":false},"author":1,"featured_media":6499,"comment_status":"open","ping_status":"closed","sticky":false,"template":"","format":"standard","meta":{"footnotes":""},"categories":[1],"tags":[2],"class_list":["post-6484","post","type-post","status-publish","format-standard","has-post-thumbnail","hentry","category-news","tag-ostrow-wielkopolski"],"_links":{"self":[{"href":"https:\/\/ostrowskatv.pl\/index.php?rest_route=\/wp\/v2\/posts\/6484","targetHints":{"allow":["GET"]}}],"collection":[{"href":"https:\/\/ostrowskatv.pl\/index.php?rest_route=\/wp\/v2\/posts"}],"about":[{"href":"https:\/\/ostrowskatv.pl\/index.php?rest_route=\/wp\/v2\/types\/post"}],"author":[{"embeddable":true,"href":"https:\/\/ostrowskatv.pl\/index.php?rest_route=\/wp\/v2\/users\/1"}],"replies":[{"embeddable":true,"href":"https:\/\/ostrowskatv.pl\/index.php?rest_route=%2Fwp%2Fv2%2Fcomments&post=6484"}],"version-history":[{"count":0,"href":"https:\/\/ostrowskatv.pl\/index.php?rest_route=\/wp\/v2\/posts\/6484\/revisions"}],"wp:featuredmedia":[{"embeddable":true,"href":"https:\/\/ostrowskatv.pl\/index.php?rest_route=\/wp\/v2\/media\/6499"}],"wp:attachment":[{"href":"https:\/\/ostrowskatv.pl\/index.php?rest_route=%2Fwp%2Fv2%2Fmedia&parent=6484"}],"wp:term":[{"taxonomy":"category","embeddable":true,"href":"https:\/\/ostrowskatv.pl\/index.php?rest_route=%2Fwp%2Fv2%2Fcategories&post=6484"},{"taxonomy":"post_tag","embeddable":true,"href":"https:\/\/ostrowskatv.pl\/index.php?rest_route=%2Fwp%2Fv2%2Ftags&post=6484"}],"curies":[{"name":"wp","href":"https:\/\/api.w.org\/{rel}","templated":true}]}}