{"id":648,"date":"2016-03-29T17:48:24","date_gmt":"2016-03-29T16:48:24","guid":{"rendered":"http:\/\/ostrowska.tv\/?p=648"},"modified":"2016-03-29T17:48:24","modified_gmt":"2016-03-29T16:48:24","slug":"uwaga-komunikacyjny-horror-przy-galerii-ostrovia","status":"publish","type":"post","link":"https:\/\/ostrowskatv.pl\/?p=648","title":{"rendered":"UWAGA! Komunikacyjny horror przy Galerii Ostrovia"},"content":{"rendered":"<p><strong>Jeste\u015b kierowc\u0105 i zamierzasz jecha\u0107 w kierunku Kalisza lub uda\u0107 si\u0119 do Galerii Ostrovia na zakupy? Lepiej zastan\u00f3w si\u0119 dwa razy, zanim to zrobisz. W tej cz\u0119\u015bci miasta trwa komunikacyjny horror.<\/strong><\/p>\n<p>S\u0142owa kierowc\u00f3w, kt\u00f3re pada\u0142y we wtorek w okolicach Galerii Ostrovia, nie nadaj\u0105 si\u0119 do cytowania. Przejazd t\u0105 cz\u0119\u015bci\u0105 naszego miasta to droga przez m\u0119k\u0119. Dlaczego? Wszystko z powodu zamkni\u0119cia skrzy\u017cowania ulic Kaliska \u2013 Serwa\u0144skiego (wjazd do Galerii Ostrovia). Do Galerii mo\u017cna wprawdzie dojecha\u0107 i zrobi\u0107 zakupy, ale sprawny powr\u00f3t czy przejazd do Kalisza to w tej chwili nie lada sztuka, kt\u00f3rej mog\u0105 nie podo\u0142a\u0107 najlepsi kierowcy.<\/p>\n<p>Na \u0142opatkach le\u017cy zreszt\u0105 komunikacja w ca\u0142ej wschodniej cz\u0119\u015bci Ostrowa. Zw\u0142aszcza czas powrotu z Galerii bardzo si\u0119 wyd\u0142u\u017cy\u0142, bo wielu kierowc\u00f3w o utrudnieniach wcze\u015bniej nie wiedzia\u0142o i wpad\u0142o w pu\u0142apk\u0119.<\/p>\n<p>Nic wi\u0119c dziwnego, \u017ce teraz mieszka\u0144cy si\u0119 skar\u017c\u0105 i przeklinaj\u0105 wprowadzon\u0105 zmian\u0119 na ka\u017cdym kroku. &#8211;<em> O takich rzeczach informuje si\u0119 wcze\u015bniej, a nie w dniu wprowadzenia takiej zmiany<\/em> \u2013 powiedzia\u0142 nam jeden z kierowc\u00f3w. &#8211;<em> To jest skandal! Nie ma odpowiedniego oznakowania. Informacja o takich utrudnieniach powinna by\u0107 widoczna. Ja dowiedzia\u0142em si\u0119 o tym, kiedy w zasadzie dojecha\u0142em do zamkni\u0119tego skrzy\u017cowania<\/em> \u2013 dodaje kolejny mieszkaniec naszego miasta, kt\u00f3ry zamierza\u0142 dojecha\u0107 we wtorek t\u0105 drog\u0105 do Kalisza. Musia\u0142 zawr\u00f3ci\u0107 i sta\u0107 w d\u0142ugim korku, bo podobny b\u0142\u0105d pope\u0142nili inni kierowcy.<\/p>\n<p>Miasto mo\u017ce powiedzie\u0107, \u017ce zrobi\u0142o co trzeba, bo wys\u0142a\u0142o za pomoc\u0105 systemu alarmowego informacj\u0119 SMS o utrudnieniach. Kierowcy twierdz\u0105 jednak, \u017ce sta\u0142o si\u0119 to zdecydowanie zbyt p\u00f3\u017ano. O pomst\u0119 do nieba w ich ocenie wo\u0142a tak\u017ce brak odpowiedniego oznakowania. A warto powiedzie\u0107, \u017ce problemy w okolicach Galerii potrwaj\u0105 do 2 kwietnia. Do najbli\u017cszej soboty warto o tym pami\u0119ta\u0107.<br \/>\n<div id='gallery-1' class='gallery galleryid-648 gallery-columns-3 gallery-size-thumbnail'><figure class='gallery-item'>\n\t\t\t<div class='gallery-icon landscape'>\n\t\t\t\t<a href='https:\/\/ostrowskatv.pl\/?attachment_id=650'><img loading=\"lazy\" decoding=\"async\" width=\"150\" height=\"150\" src=\"https:\/\/ostrowskatv.pl\/wp-content\/uploads\/2016\/03\/galeria-blokada1-150x150.jpg\" class=\"attachment-thumbnail size-thumbnail\" alt=\"\" \/><\/a>\n\t\t\t<\/div><\/figure><figure class='gallery-item'>\n\t\t\t<div class='gallery-icon landscape'>\n\t\t\t\t<a href='https:\/\/ostrowskatv.pl\/?attachment_id=651'><img loading=\"lazy\" decoding=\"async\" width=\"150\" height=\"150\" src=\"https:\/\/ostrowskatv.pl\/wp-content\/uploads\/2016\/03\/galeria-blokada-3-150x150.jpg\" class=\"attachment-thumbnail size-thumbnail\" alt=\"\" \/><\/a>\n\t\t\t<\/div><\/figure>\n\t\t<\/div>\n<\/p>\n","protected":false},"excerpt":{"rendered":"Jeste\u015b kierowc\u0105 i zamierzasz jecha\u0107 w kierunku Kalisza lub uda\u0107 si\u0119 do Galerii Ostrovia na zakupy? Lepiej zastan\u00f3w si\u0119 dwa razy, zanim to \n<a class=\"moretag\" href=\"https:\/\/ostrowskatv.pl\/?p=648\"> [...]<\/a>","protected":false},"author":1,"featured_media":649,"comment_status":"open","ping_status":"open","sticky":false,"template":"","format":"standard","meta":{"footnotes":""},"categories":[1],"tags":[72],"class_list":["post-648","post","type-post","status-publish","format-standard","has-post-thumbnail","hentry","category-news","tag-samochod"],"_links":{"self":[{"href":"https:\/\/ostrowskatv.pl\/index.php?rest_route=\/wp\/v2\/posts\/648","targetHints":{"allow":["GET"]}}],"collection":[{"href":"https:\/\/ostrowskatv.pl\/index.php?rest_route=\/wp\/v2\/posts"}],"about":[{"href":"https:\/\/ostrowskatv.pl\/index.php?rest_route=\/wp\/v2\/types\/post"}],"author":[{"embeddable":true,"href":"https:\/\/ostrowskatv.pl\/index.php?rest_route=\/wp\/v2\/users\/1"}],"replies":[{"embeddable":true,"href":"https:\/\/ostrowskatv.pl\/index.php?rest_route=%2Fwp%2Fv2%2Fcomments&post=648"}],"version-history":[{"count":0,"href":"https:\/\/ostrowskatv.pl\/index.php?rest_route=\/wp\/v2\/posts\/648\/revisions"}],"wp:featuredmedia":[{"embeddable":true,"href":"https:\/\/ostrowskatv.pl\/index.php?rest_route=\/wp\/v2\/media\/649"}],"wp:attachment":[{"href":"https:\/\/ostrowskatv.pl\/index.php?rest_route=%2Fwp%2Fv2%2Fmedia&parent=648"}],"wp:term":[{"taxonomy":"category","embeddable":true,"href":"https:\/\/ostrowskatv.pl\/index.php?rest_route=%2Fwp%2Fv2%2Fcategories&post=648"},{"taxonomy":"post_tag","embeddable":true,"href":"https:\/\/ostrowskatv.pl\/index.php?rest_route=%2Fwp%2Fv2%2Ftags&post=648"}],"curies":[{"name":"wp","href":"https:\/\/api.w.org\/{rel}","templated":true}]}}