{"id":6476,"date":"2018-06-19T14:36:13","date_gmt":"2018-06-19T13:36:13","guid":{"rendered":"http:\/\/ostrowska.tv\/?p=6476"},"modified":"2018-06-19T14:36:31","modified_gmt":"2018-06-19T13:36:31","slug":"zatruli-sie-na-weselu","status":"publish","type":"post","link":"https:\/\/ostrowskatv.pl\/?p=6476","title":{"rendered":"Zatruli si\u0119 na weselu"},"content":{"rendered":"<p><strong>117 go\u015bci bra\u0142o udzia\u0142 w jednym z wesel na terenie gminy Odolan\u00f3w. W miniony weekend \u015bwi\u0119towali wsp\u00f3lnie z pann\u0105 m\u0142od\u0105, a nied\u0142ugo po tym potrzebowali pomocy lekarskiej z powodu zatrucia pokarmowego.<\/strong><\/p>\n<p>Problemy \u017co\u0142\u0105dkowe dotkn\u0119\u0142y co najmniej 7 go\u015bci. Tylu zg\u0142osi\u0142o si\u0119 z pro\u015bb\u0105 o pomoc do lekarzy. Dwie osoby postanowiono hospitalizowa\u0107 na oddziale zaka\u017anym w kaliskim szpitalu, jedna z nich jednak odm\u00f3wi\u0142a pobytu w szpitalu.<\/p>\n<p>Okazuje si\u0119, \u017ce ciasto z kremem i desery dostarcza\u0142y dwie firmy gastronomiczne z powiatu ostrowskiego. Ostrowski Sanepid pobra\u0142 ju\u017c pr\u00f3bki z pokarmem od podejrzanych firm. Na szcz\u0119\u015bcie przepisy zobowi\u0105zuje do zachowywania \u017ar\u00f3d\u0142owych pokarm\u00f3w, kt\u00f3rymi masowo cz\u0119stuje si\u0119 ludzi.<\/p>\n<p>W Polsce zdarza\u0142y si\u0119 nawet przypadki \u015bmierci pana m\u0142odego. Standardem s\u0105 pozwy s\u0105dowe o odszkodowanie od zawinionych firm. W opisywanej sprawie, pan m\u0142ody r\u00f3wnie\u017c trafi\u0142 pod opiek\u0119 lekarsk\u0105, a tak\u017ce jedna z poszkodowanych by\u0142a w ci\u0105\u017cy.<\/p>\n","protected":false},"excerpt":{"rendered":"117 go\u015bci bra\u0142o udzia\u0142 w jednym z wesel na terenie gminy Odolan\u00f3w. W miniony weekend \u015bwi\u0119towali wsp\u00f3lnie z pann\u0105 m\u0142od\u0105, a nied\u0142ugo po \n<a class=\"moretag\" href=\"https:\/\/ostrowskatv.pl\/?p=6476\"> [...]<\/a>","protected":false},"author":1,"featured_media":6477,"comment_status":"open","ping_status":"closed","sticky":false,"template":"","format":"standard","meta":{"footnotes":""},"categories":[1],"tags":[92],"class_list":["post-6476","post","type-post","status-publish","format-standard","has-post-thumbnail","hentry","category-news","tag-gm-odolanow"],"_links":{"self":[{"href":"https:\/\/ostrowskatv.pl\/index.php?rest_route=\/wp\/v2\/posts\/6476","targetHints":{"allow":["GET"]}}],"collection":[{"href":"https:\/\/ostrowskatv.pl\/index.php?rest_route=\/wp\/v2\/posts"}],"about":[{"href":"https:\/\/ostrowskatv.pl\/index.php?rest_route=\/wp\/v2\/types\/post"}],"author":[{"embeddable":true,"href":"https:\/\/ostrowskatv.pl\/index.php?rest_route=\/wp\/v2\/users\/1"}],"replies":[{"embeddable":true,"href":"https:\/\/ostrowskatv.pl\/index.php?rest_route=%2Fwp%2Fv2%2Fcomments&post=6476"}],"version-history":[{"count":0,"href":"https:\/\/ostrowskatv.pl\/index.php?rest_route=\/wp\/v2\/posts\/6476\/revisions"}],"wp:featuredmedia":[{"embeddable":true,"href":"https:\/\/ostrowskatv.pl\/index.php?rest_route=\/wp\/v2\/media\/6477"}],"wp:attachment":[{"href":"https:\/\/ostrowskatv.pl\/index.php?rest_route=%2Fwp%2Fv2%2Fmedia&parent=6476"}],"wp:term":[{"taxonomy":"category","embeddable":true,"href":"https:\/\/ostrowskatv.pl\/index.php?rest_route=%2Fwp%2Fv2%2Fcategories&post=6476"},{"taxonomy":"post_tag","embeddable":true,"href":"https:\/\/ostrowskatv.pl\/index.php?rest_route=%2Fwp%2Fv2%2Ftags&post=6476"}],"curies":[{"name":"wp","href":"https:\/\/api.w.org\/{rel}","templated":true}]}}