{"id":6473,"date":"2018-06-18T17:22:34","date_gmt":"2018-06-18T16:22:34","guid":{"rendered":"http:\/\/ostrowska.tv\/?p=6473"},"modified":"2018-06-18T17:22:34","modified_gmt":"2018-06-18T16:22:34","slug":"namaszczony-damian-grzeszczyk-wystartuje-na-prezydenta-ostrowa","status":"publish","type":"post","link":"https:\/\/ostrowskatv.pl\/?p=6473","title":{"rendered":"Namaszczony Damian Grzeszczyk wystartuje na prezydenta Ostrowa"},"content":{"rendered":"<p>Damian Grzeszczyk zosta\u0142 namaszczony przez Grzegorza Schetyn\u0119 i Katarzyn\u0119 Lubnauer do startu w wyborach samorz\u0105dowych na funkcj\u0119 prezydenta miasta Ostrowa Wielkopolskiego. Oto pomys\u0142y &#8222;niezale\u017cnego&#8221; kandydata wspieranego przez PO i .Nowoczesn\u0105.<\/p>\n<p><iframe loading=\"lazy\" src=\"https:\/\/www.youtube.com\/embed\/XI8qhBskYVk\" width=\"560\" height=\"315\" frameborder=\"0\" allowfullscreen=\"allowfullscreen\"><\/iframe><\/p>\n<p>Transkrypcja:<\/p>\n<p>Jaki mamy Ostr\u00f3w? Tutaj mamy zwi\u0119kszon\u0105 umieralno\u015b\u0107 na nowotwory, mamy zwi\u0119kszon\u0105 umieralno\u015b\u0107 na choroby p\u0142uc. Chc\u0119 zaproponowa\u0107 profilaktyk\u0119. Dlaczego? Dlatego, \u017ce taniej jest zapobiega\u0107 ni\u017c leczy\u0107. Je\u017celi mamy zwi\u0119kszon\u0105 umieralno\u015b\u0107 na choroby p\u0142uc, to musimy pocz\u0105wszy od program\u00f3w antysmogowych, a ko\u0144cz\u0105c na budowie, wspomo\u017ceniu budowy oddzia\u0142u chor\u00f3b p\u0142uc w naszym szpitalu. Je\u017celi chodzi o nowotwory, to musimy rozwin\u0105\u0107 programy, kt\u00f3re ju\u017c s\u0105. Tutaj w Ostrowie, jak wskazuj\u0105 badania niebezpieczne s\u0105 nowotwory sk\u00f3ry, ale r\u00f3wnie\u017c s\u0105 wirusowe zapalenia w\u0105troby typu B i C. Na to wszystko s\u0105 programy unijne, s\u0105 pieni\u0105dze. W cz\u0119\u015bci tych program\u00f3w mamy w Wieloletniej Prognozie Finansowej zagwarantowane u\u0142amek \u015brodk\u00f3w, ale musimy to rozwin\u0105\u0107, bo to nie s\u0105 jedyne choroby, na kt\u00f3re mieszka\u0144cy naszego miasta choruj\u0105 czy umieraj\u0105.<\/p>\n<p>Prosz\u0119 pa\u0144stwa, je\u017celi ostatnio, byli\u015bmy na namiotach. Je\u017celi wszystkie dzieci przybieg\u0142y, kt\u00f3re by\u0142y, przybieg\u0142y i powiedzia\u0142y &#8222;wuja, my chcemy aquapark&#8221;, to ja nie mog\u0119 pozosta\u0107 oboj\u0119tny, bo tego chc\u0105 dzieci. Tak\u017ce budowa krytego aquaparku z porz\u0105dnego zdarzenia wraz z infrastruktur\u0105 towarzysz\u0105c\u0105, b\u0119dzie moim celem. Tym bardziej prosz\u0119 pa\u0144stwa tym bardziej, \u017ce mamy zwi\u0119kszony bud\u017cet na administracj\u0119 Urz\u0119du Miejskiego , kt\u00f3ry jest totalnie niepotrzebny. Nie mo\u017cna zaakceptowa\u0107 twierdze\u0144, \u017ce wynagrodzenie minimalne wzros\u0142o. Nieprawda. Przeci\u0119tny urz\u0119dnik nie zarabia minimalnego wynagrodzenia. Tak\u017ce z tego wszystkiego mo\u017cna przeznaczy\u0107 pieni\u0105dze na aquapark.<\/p>\n<p>Poza tym ja te\u017c nie mog\u0119 sobie wyobrazi\u0107 jak dru\u017cyna wicemistrza w koszyk\u00f3wce ma startowa\u0107 w hali gimnazjalnej. To jest priorytet. Przy czym tu jest istotne to, \u017ce je\u017celi wybory odb\u0119d\u0105 si\u0119 na jesie\u0144, to b\u0119d\u0119 mia\u0142 bardzo ma\u0142y wp\u0142yw na to. Mamy teraz przetarg, to jest decyzja obecnej pani prezydent, odpowiedzialno\u015b\u0107. Przygl\u0105dam si\u0119. Uwa\u017cam, \u017ce budowa czy remont hali jest potrzebny. Natomiast g\u0142\u00f3wnym celem jest to, \u017ceby dru\u017cyna wicemistrza koszyk\u00f3wki mia\u0142a gdzie gra\u0107. Nawet kosztem okre\u015blonych zmian, zmian podej\u015bcia, poszukania jakich\u015b nowych, innych rozwi\u0105za\u0144. Sport to r\u00f3wnie\u017c parowozownia. Budowa pe\u0142nowymiarowego boiska sportowego.<\/p>\n<p>Sport to&#8230; zdrowie to r\u00f3wnie\u017c niepe\u0142nosprawni. Ca\u0142kowicie si\u0119 zapomnia\u0142o o niepe\u0142nosprawnych w mie\u015bcie. Poza tym je\u017celi chodzi o senior\u00f3w. Nie mo\u017ce by\u0107 tak, \u017ce w mie\u015bcie, kt\u00f3re ma 70 tys. mieszka\u0144c\u00f3w jakim jest Ostr\u00f3w, przeznacza na programy pomocowe dla senior\u00f3w por\u00f3wnywaln\u0105 ilo\u015b\u0107 \u015brodk\u00f3w co miasto Odolan\u00f3w, czyli miasto 16-tysi\u0119czne. W Odolanowie przyk\u0142adowo jest 30 miejsc dla senior\u00f3w w o\u015brodkach pomocy, a w Ostrowie 40. To jest nie do pomy\u015blenia. Je\u017celi chodzi o bezpiecze\u0144stwo. Przede wszystkim mam do\u015bwiadczenie z uwagi na m\u00f3j zaw\u00f3d.<\/p>\n<p>Statystycznie Ostr\u00f3w jest niebezpiecznym miastem. To s\u0105 przest\u0119pstwa przeciwko mieniu. Mamy zwi\u0119kszon\u0105 przest\u0119pczo\u015b\u0107 przeciwko mieniu, czy to r\u00f3\u017cne drobne kradzie\u017ce sklepowe czy rozboje, wymuszenia rozb\u00f3jnicze. My musimy zacz\u0105\u0107 wsp\u00f3\u0142pracowa\u0107 z policj\u0105. Dla mnie celem b\u0119dzie skonstruowanie monitoringu wysokiej rozdzielczo\u015bci w tych miejscach, gdzie dochodzi do pope\u0142niania przest\u0119pstw. Ale r\u00f3wnie\u017c ten monitoring pomo\u017ce przy kolizjach przy wypadkach. Bo cz\u0119sto policjanci maj\u0105 problem z ustaleniem sprawcy. P\u00f3\u017aniej w s\u0105dzie powo\u0142ujemy bieg\u0142ych. To wszystko przed\u0142u\u017ca post\u0119powania, to wszystko przedra\u017ca post\u0119powania. Je\u017celi miasto zaoferuje tutaj organom czy \u015bcigania czy wymiaru sprawiedliwo\u015bci monitoring wysokiej rozdzielczo\u015bci, no to wtedy b\u0119dzie, skr\u00f3cimy te post\u0119powania. To jest ten ma\u0142y kamyczek, kt\u00f3ry my jako spo\u0142eczno\u015b\u0107 lokalna mo\u017cemy dorzuci\u0107 do usprawnienia systemu sprawiedliwo\u015bci. Ale to r\u00f3wnie\u017c. Mamy du\u017co przest\u0119pstw z uwagi na spo\u017cywanie alkoholu. Sie\u0107 publicznych alkomat\u00f3w. Miasto mo\u017ce to zaoferowa\u0107. B\u0119d\u0119 stara\u0142 si\u0119 co\u015b takiego zaoferowa\u0107.<\/p>\n<p>Je\u017celi chodzi o przedsi\u0119biorczo\u015b\u0107, to musimy stworzy\u0107 klimat przedsi\u0119biorcom. Musimy zacz\u0105\u0107 inwestowa\u0107 i zacz\u0105\u0107 wykorzystywa\u0107 \u015brodki, kt\u00f3re mamy w ustawie gospodarce nieruchomo\u015bciami. Ale je\u017celi chodzi o pomoc spo\u0142eczn\u0105, nie mo\u017cemy by\u0107 tak, \u017ce przychodzi do mnie samotna matka. Ja nie jestem ani psychologiem, ani pedagogiem i nie mog\u0119 jej w tym zakresie pom\u00f3c. Musz\u0119 odes\u0142a\u0107. Brakuje takiego miejsca w Ostrowie kiedy samotna matka, ale tak\u017ce dyskryminowany pracownik przyjdzie, gdzie wszyscy fachowcy s\u0105 na miejscu i od razu dostanie celowan\u0105 pomoc. Ale to jest wierzcho\u0142ek g\u00f3ry lodowej. Mamy ju\u017c przygotowany program, mamy program dla naszego miasta.<\/p>\n","protected":false},"excerpt":{"rendered":"Damian Grzeszczyk zosta\u0142 namaszczony przez Grzegorza Schetyn\u0119 i Katarzyn\u0119 Lubnauer do startu w wyborach samorz\u0105dowych na funkcj\u0119 prezydenta miasta Ostrowa Wielkopolskiego. Oto pomys\u0142y \n<a class=\"moretag\" href=\"https:\/\/ostrowskatv.pl\/?p=6473\"> [...]<\/a>","protected":false},"author":1,"featured_media":6474,"comment_status":"open","ping_status":"closed","sticky":false,"template":"","format":"standard","meta":{"footnotes":""},"categories":[1],"tags":[2],"class_list":["post-6473","post","type-post","status-publish","format-standard","has-post-thumbnail","hentry","category-news","tag-ostrow-wielkopolski"],"_links":{"self":[{"href":"https:\/\/ostrowskatv.pl\/index.php?rest_route=\/wp\/v2\/posts\/6473","targetHints":{"allow":["GET"]}}],"collection":[{"href":"https:\/\/ostrowskatv.pl\/index.php?rest_route=\/wp\/v2\/posts"}],"about":[{"href":"https:\/\/ostrowskatv.pl\/index.php?rest_route=\/wp\/v2\/types\/post"}],"author":[{"embeddable":true,"href":"https:\/\/ostrowskatv.pl\/index.php?rest_route=\/wp\/v2\/users\/1"}],"replies":[{"embeddable":true,"href":"https:\/\/ostrowskatv.pl\/index.php?rest_route=%2Fwp%2Fv2%2Fcomments&post=6473"}],"version-history":[{"count":0,"href":"https:\/\/ostrowskatv.pl\/index.php?rest_route=\/wp\/v2\/posts\/6473\/revisions"}],"wp:featuredmedia":[{"embeddable":true,"href":"https:\/\/ostrowskatv.pl\/index.php?rest_route=\/wp\/v2\/media\/6474"}],"wp:attachment":[{"href":"https:\/\/ostrowskatv.pl\/index.php?rest_route=%2Fwp%2Fv2%2Fmedia&parent=6473"}],"wp:term":[{"taxonomy":"category","embeddable":true,"href":"https:\/\/ostrowskatv.pl\/index.php?rest_route=%2Fwp%2Fv2%2Fcategories&post=6473"},{"taxonomy":"post_tag","embeddable":true,"href":"https:\/\/ostrowskatv.pl\/index.php?rest_route=%2Fwp%2Fv2%2Ftags&post=6473"}],"curies":[{"name":"wp","href":"https:\/\/api.w.org\/{rel}","templated":true}]}}