{"id":6460,"date":"2018-06-18T15:33:54","date_gmt":"2018-06-18T14:33:54","guid":{"rendered":"http:\/\/ostrowska.tv\/?p=6460"},"modified":"2018-06-18T15:33:54","modified_gmt":"2018-06-18T14:33:54","slug":"13-letni-rowerzysta-wpadl-pod-szynobus-stan-ciezki","status":"publish","type":"post","link":"https:\/\/ostrowskatv.pl\/?p=6460","title":{"rendered":"13-letni rowerzysta wpad\u0142 pod szynobus. Stan ci\u0119\u017cki"},"content":{"rendered":"<p><strong>13-letni ch\u0142opiec wpad\u0142 pod szynobus na przeje\u017adzie kolejowym przy ul. Gorzyckiej w Ostrowie Wielkopolskim. Wypadek mia\u0142 miejsce w poniedzia\u0142ek ok. godziny 14:30. Stan m\u0142odego rowerzysty jest bardzo powa\u017cny.<\/strong><\/p>\n<p>13-latek wraz z koleg\u0105 jechali na rowerach. Przejazd na ul. Gorzyckiej zamierzali pokona\u0107 korzystaj\u0105c z wydeptanej \u015bcie\u017cki id\u0105cej cz\u0119\u015bciowo wzd\u0142u\u017c tor\u00f3w. W ten spos\u00f3b omin\u0119li zamkni\u0119ty szlaban. Od strony Leszna nadje\u017cd\u017ca\u0142 szynobus. Ch\u0142opiec najpierw wpad\u0142 do p\u0142ytkiego rowu przy torach. Jego kolega pom\u00f3g\u0142 mu si\u0119 pozbiera\u0107. Pechowy rowerzysta ruszy\u0142 dalej w stron\u0119 tor\u00f3w. Pomimo nadje\u017cd\u017caj\u0105cego poci\u0105gu wjecha\u0142 na tory. Kolega zdo\u0142a\u0142 krzykn\u0105\u0107 by uwa\u017ca\u0142, bo nadje\u017cd\u017ca poci\u0105g. Wed\u0142ug niejasnej relacji kolegi poszkodowanego, prawdopodobnie zacz\u0105\u0142 zawraca\u0107, dlatego szynobus uderzy\u0142 w tylne ko\u0142o wyrywaj\u0105c je z ramy.<\/p>\n<p>Poszkodowany 13-latek w pierwszej chwili nie oddycha\u0142. P\u00f3\u017aniej zacz\u0105\u0142 chwyta\u0107 powietrze. Natychmiast wys\u0142ano stra\u017c po\u017carn\u0105 i pogotowie. Ch\u0142opiec na etapie wk\u0142adania do karetki by\u0142 nieprzytomny.<\/p>\n<p>Kilkunastu pasa\u017cerom z szynobusa zapewniono transport zast\u0119pczy.<\/p>\n<div id='gallery-1' class='gallery galleryid-6460 gallery-columns-3 gallery-size-thumbnail'><figure class='gallery-item'>\n\t\t\t<div class='gallery-icon landscape'>\n\t\t\t\t<a href='https:\/\/ostrowskatv.pl\/?attachment_id=6470'><img loading=\"lazy\" decoding=\"async\" width=\"150\" height=\"150\" src=\"https:\/\/ostrowskatv.pl\/wp-content\/uploads\/2018\/06\/pociag_gorzycka2-150x150.jpg\" class=\"attachment-thumbnail size-thumbnail\" alt=\"\" \/><\/a>\n\t\t\t<\/div><\/figure><figure class='gallery-item'>\n\t\t\t<div class='gallery-icon landscape'>\n\t\t\t\t<a href='https:\/\/ostrowskatv.pl\/?attachment_id=6469'><img loading=\"lazy\" decoding=\"async\" width=\"150\" height=\"150\" src=\"https:\/\/ostrowskatv.pl\/wp-content\/uploads\/2018\/06\/pociag_gorzycka-150x150.jpg\" class=\"attachment-thumbnail size-thumbnail\" alt=\"\" \/><\/a>\n\t\t\t<\/div><\/figure><figure class='gallery-item'>\n\t\t\t<div class='gallery-icon landscape'>\n\t\t\t\t<a href='https:\/\/ostrowskatv.pl\/?attachment_id=6466'><img loading=\"lazy\" decoding=\"async\" width=\"150\" height=\"150\" src=\"https:\/\/ostrowskatv.pl\/wp-content\/uploads\/2018\/06\/IMG_20180618_150621-150x150.jpg\" class=\"attachment-thumbnail size-thumbnail\" alt=\"\" \/><\/a>\n\t\t\t<\/div><\/figure><figure class='gallery-item'>\n\t\t\t<div class='gallery-icon portrait'>\n\t\t\t\t<a href='https:\/\/ostrowskatv.pl\/?attachment_id=6465'><img loading=\"lazy\" decoding=\"async\" width=\"150\" height=\"150\" src=\"https:\/\/ostrowskatv.pl\/wp-content\/uploads\/2018\/06\/IMG_20180618_145702-150x150.jpg\" class=\"attachment-thumbnail size-thumbnail\" alt=\"\" \/><\/a>\n\t\t\t<\/div><\/figure><figure class='gallery-item'>\n\t\t\t<div class='gallery-icon landscape'>\n\t\t\t\t<a href='https:\/\/ostrowskatv.pl\/?attachment_id=6464'><img loading=\"lazy\" decoding=\"async\" width=\"150\" height=\"150\" src=\"https:\/\/ostrowskatv.pl\/wp-content\/uploads\/2018\/06\/IMG_20180618_150628-150x150.jpg\" class=\"attachment-thumbnail size-thumbnail\" alt=\"\" \/><\/a>\n\t\t\t<\/div><\/figure><figure class='gallery-item'>\n\t\t\t<div class='gallery-icon portrait'>\n\t\t\t\t<a href='https:\/\/ostrowskatv.pl\/?attachment_id=6463'><img loading=\"lazy\" decoding=\"async\" width=\"150\" height=\"150\" src=\"https:\/\/ostrowskatv.pl\/wp-content\/uploads\/2018\/06\/IMG_20180618_145216-150x150.jpg\" class=\"attachment-thumbnail size-thumbnail\" alt=\"\" \/><\/a>\n\t\t\t<\/div><\/figure><figure class='gallery-item'>\n\t\t\t<div class='gallery-icon landscape'>\n\t\t\t\t<a href='https:\/\/ostrowskatv.pl\/?attachment_id=6462'><img loading=\"lazy\" decoding=\"async\" width=\"150\" height=\"150\" src=\"https:\/\/ostrowskatv.pl\/wp-content\/uploads\/2018\/06\/IMG_20180618_145619-150x150.jpg\" class=\"attachment-thumbnail size-thumbnail\" alt=\"\" \/><\/a>\n\t\t\t<\/div><\/figure><figure class='gallery-item'>\n\t\t\t<div class='gallery-icon landscape'>\n\t\t\t\t<a href='https:\/\/ostrowskatv.pl\/?attachment_id=6461'><img loading=\"lazy\" decoding=\"async\" width=\"150\" height=\"150\" src=\"https:\/\/ostrowskatv.pl\/wp-content\/uploads\/2018\/06\/IMG_20180618_145613-150x150.jpg\" class=\"attachment-thumbnail size-thumbnail\" alt=\"\" \/><\/a>\n\t\t\t<\/div><\/figure>\n\t\t<\/div>\n\n","protected":false},"excerpt":{"rendered":"13-letni ch\u0142opiec wpad\u0142 pod szynobus na przeje\u017adzie kolejowym przy ul. Gorzyckiej w Ostrowie Wielkopolskim. Wypadek mia\u0142 miejsce w poniedzia\u0142ek ok. godziny 14:30. Stan \n<a class=\"moretag\" href=\"https:\/\/ostrowskatv.pl\/?p=6460\"> [...]<\/a>","protected":false},"author":1,"featured_media":6470,"comment_status":"open","ping_status":"closed","sticky":false,"template":"","format":"standard","meta":{"footnotes":""},"categories":[1],"tags":[2],"class_list":["post-6460","post","type-post","status-publish","format-standard","has-post-thumbnail","hentry","category-news","tag-ostrow-wielkopolski"],"_links":{"self":[{"href":"https:\/\/ostrowskatv.pl\/index.php?rest_route=\/wp\/v2\/posts\/6460","targetHints":{"allow":["GET"]}}],"collection":[{"href":"https:\/\/ostrowskatv.pl\/index.php?rest_route=\/wp\/v2\/posts"}],"about":[{"href":"https:\/\/ostrowskatv.pl\/index.php?rest_route=\/wp\/v2\/types\/post"}],"author":[{"embeddable":true,"href":"https:\/\/ostrowskatv.pl\/index.php?rest_route=\/wp\/v2\/users\/1"}],"replies":[{"embeddable":true,"href":"https:\/\/ostrowskatv.pl\/index.php?rest_route=%2Fwp%2Fv2%2Fcomments&post=6460"}],"version-history":[{"count":0,"href":"https:\/\/ostrowskatv.pl\/index.php?rest_route=\/wp\/v2\/posts\/6460\/revisions"}],"wp:featuredmedia":[{"embeddable":true,"href":"https:\/\/ostrowskatv.pl\/index.php?rest_route=\/wp\/v2\/media\/6470"}],"wp:attachment":[{"href":"https:\/\/ostrowskatv.pl\/index.php?rest_route=%2Fwp%2Fv2%2Fmedia&parent=6460"}],"wp:term":[{"taxonomy":"category","embeddable":true,"href":"https:\/\/ostrowskatv.pl\/index.php?rest_route=%2Fwp%2Fv2%2Fcategories&post=6460"},{"taxonomy":"post_tag","embeddable":true,"href":"https:\/\/ostrowskatv.pl\/index.php?rest_route=%2Fwp%2Fv2%2Ftags&post=6460"}],"curies":[{"name":"wp","href":"https:\/\/api.w.org\/{rel}","templated":true}]}}