{"id":6450,"date":"2018-06-17T19:34:14","date_gmt":"2018-06-17T18:34:14","guid":{"rendered":"http:\/\/ostrowska.tv\/?p=6450"},"modified":"2018-06-17T19:34:34","modified_gmt":"2018-06-17T18:34:34","slug":"wielka-impreza-na-prywatnej-posesji-byl-nawet-macierewicz","status":"publish","type":"post","link":"https:\/\/ostrowskatv.pl\/?p=6450","title":{"rendered":"Wielka uroczysto\u015b\u0107 na prywatnej posesji. By\u0142 nawet Macierewicz"},"content":{"rendered":"<p><strong>Niezwyk\u0142a uroczysto\u015b\u0107 odby\u0142a si\u0119 w sobot\u0119 na prywatnej posesji przy ul. Strzeleckiej w Ostrowie Wielkopolskim. Tego dnia uroczy\u015bcie ods\u0142oni\u0119to pomnik J\u00f3zefa Pi\u0142sudskiego. Nie by\u0142oby mo\u017ce w tym nic niezwyk\u0142ego, gdyby nie fakt, \u017ce specjalnie przyjecha\u0142 Antoni Macierewicz. Dodatkowo \u015bci\u0105gni\u0119to Orkiestr\u0119 Reprezentacyjn\u0105 Wojsk L\u0105dowych, a tak\u017ce wojskowych z batalionu naprawy lotnisk ze sprz\u0119tem saperskim.\u00a0<\/strong><\/p>\n<p>Organizatorem przedsi\u0119wzi\u0119cia by\u0142 &#8222;Klub Sanacja&#8221; organizuj\u0105cy spotkania z osobami promuj\u0105cymi prawicowe warto\u015bci, zw\u0142aszcza historyczne. Jest to kontynuacja Ksi\u0119garni Niezale\u017cnej z ul. Wiosny Lud\u00f3w. Na ten czas zamkni\u0119to cz\u0119\u015b\u0107 ulicy Strzeleckiej. W drugiej cz\u0119\u015bci uroczysto\u015bci pojawili si\u0119 parlamentarzy\u015bci z Prawa i Sprawiedliwo\u015bci, w tym europose\u0142 Ryszard Czarnecki. Byli ksi\u0119\u017ca i biskup pomocniczy \u0141ukasz Buzun.\u00a0 Chwil\u0119 wcze\u015bniej odby\u0142a si\u0119 Msza \u015aw. i przemarsz uczestnik\u00f3w wydarzenia spod konkatedry do miejsca postawienia pomnika.<\/p>\n<div id='gallery-1' class='gallery galleryid-6450 gallery-columns-3 gallery-size-thumbnail'><figure class='gallery-item'>\n\t\t\t<div class='gallery-icon portrait'>\n\t\t\t\t<a href='https:\/\/ostrowskatv.pl\/?attachment_id=6451'><img loading=\"lazy\" decoding=\"async\" width=\"150\" height=\"150\" src=\"https:\/\/ostrowskatv.pl\/wp-content\/uploads\/2018\/06\/klub-sanacja-01-150x150.jpg\" class=\"attachment-thumbnail size-thumbnail\" alt=\"\" \/><\/a>\n\t\t\t<\/div><\/figure><figure class='gallery-item'>\n\t\t\t<div class='gallery-icon landscape'>\n\t\t\t\t<a href='https:\/\/ostrowskatv.pl\/?attachment_id=6452'><img loading=\"lazy\" decoding=\"async\" width=\"150\" height=\"150\" src=\"https:\/\/ostrowskatv.pl\/wp-content\/uploads\/2018\/06\/klub-sanacja-02-150x150.jpg\" class=\"attachment-thumbnail size-thumbnail\" alt=\"\" \/><\/a>\n\t\t\t<\/div><\/figure><figure class='gallery-item'>\n\t\t\t<div class='gallery-icon landscape'>\n\t\t\t\t<a href='https:\/\/ostrowskatv.pl\/?attachment_id=6453'><img loading=\"lazy\" decoding=\"async\" width=\"150\" height=\"150\" src=\"https:\/\/ostrowskatv.pl\/wp-content\/uploads\/2018\/06\/klub-sanacja-03-150x150.jpg\" class=\"attachment-thumbnail size-thumbnail\" alt=\"\" \/><\/a>\n\t\t\t<\/div><\/figure><figure class='gallery-item'>\n\t\t\t<div class='gallery-icon landscape'>\n\t\t\t\t<a href='https:\/\/ostrowskatv.pl\/?attachment_id=6454'><img loading=\"lazy\" decoding=\"async\" width=\"150\" height=\"150\" src=\"https:\/\/ostrowskatv.pl\/wp-content\/uploads\/2018\/06\/klub-sanacja-04-150x150.jpg\" class=\"attachment-thumbnail size-thumbnail\" alt=\"\" \/><\/a>\n\t\t\t<\/div><\/figure><figure class='gallery-item'>\n\t\t\t<div class='gallery-icon portrait'>\n\t\t\t\t<a href='https:\/\/ostrowskatv.pl\/?attachment_id=6455'><img loading=\"lazy\" decoding=\"async\" width=\"150\" height=\"150\" src=\"https:\/\/ostrowskatv.pl\/wp-content\/uploads\/2018\/06\/klub-sanacja-05-150x150.jpg\" class=\"attachment-thumbnail size-thumbnail\" alt=\"\" \/><\/a>\n\t\t\t<\/div><\/figure><figure class='gallery-item'>\n\t\t\t<div class='gallery-icon landscape'>\n\t\t\t\t<a href='https:\/\/ostrowskatv.pl\/?attachment_id=6456'><img loading=\"lazy\" decoding=\"async\" width=\"150\" height=\"150\" src=\"https:\/\/ostrowskatv.pl\/wp-content\/uploads\/2018\/06\/klub-sanacja-07-150x150.jpg\" class=\"attachment-thumbnail size-thumbnail\" alt=\"\" \/><\/a>\n\t\t\t<\/div><\/figure><figure class='gallery-item'>\n\t\t\t<div class='gallery-icon landscape'>\n\t\t\t\t<a href='https:\/\/ostrowskatv.pl\/?attachment_id=6457'><img loading=\"lazy\" decoding=\"async\" width=\"150\" height=\"150\" src=\"https:\/\/ostrowskatv.pl\/wp-content\/uploads\/2018\/06\/klub-sanacja-09-150x150.jpg\" class=\"attachment-thumbnail size-thumbnail\" alt=\"\" \/><\/a>\n\t\t\t<\/div><\/figure>\n\t\t<\/div>\n\n<p>Transmisj\u0119 na \u017cywo przeprowadzi\u0142 portal niezalezna.pl<\/p>\n<p><iframe loading=\"lazy\" width=\"560\" height=\"315\" src=\"https:\/\/www.youtube.com\/embed\/DPR3xBC5bHU\" frameborder=\"0\" allow=\"autoplay; encrypted-media\" allowfullscreen><\/iframe><\/p>\n","protected":false},"excerpt":{"rendered":"Niezwyk\u0142a uroczysto\u015b\u0107 odby\u0142a si\u0119 w sobot\u0119 na prywatnej posesji przy ul. Strzeleckiej w Ostrowie Wielkopolskim. Tego dnia uroczy\u015bcie ods\u0142oni\u0119to pomnik J\u00f3zefa Pi\u0142sudskiego. Nie \n<a class=\"moretag\" href=\"https:\/\/ostrowskatv.pl\/?p=6450\"> [...]<\/a>","protected":false},"author":1,"featured_media":6452,"comment_status":"open","ping_status":"closed","sticky":false,"template":"","format":"standard","meta":{"footnotes":""},"categories":[1],"tags":[2],"class_list":["post-6450","post","type-post","status-publish","format-standard","has-post-thumbnail","hentry","category-news","tag-ostrow-wielkopolski"],"_links":{"self":[{"href":"https:\/\/ostrowskatv.pl\/index.php?rest_route=\/wp\/v2\/posts\/6450","targetHints":{"allow":["GET"]}}],"collection":[{"href":"https:\/\/ostrowskatv.pl\/index.php?rest_route=\/wp\/v2\/posts"}],"about":[{"href":"https:\/\/ostrowskatv.pl\/index.php?rest_route=\/wp\/v2\/types\/post"}],"author":[{"embeddable":true,"href":"https:\/\/ostrowskatv.pl\/index.php?rest_route=\/wp\/v2\/users\/1"}],"replies":[{"embeddable":true,"href":"https:\/\/ostrowskatv.pl\/index.php?rest_route=%2Fwp%2Fv2%2Fcomments&post=6450"}],"version-history":[{"count":0,"href":"https:\/\/ostrowskatv.pl\/index.php?rest_route=\/wp\/v2\/posts\/6450\/revisions"}],"wp:featuredmedia":[{"embeddable":true,"href":"https:\/\/ostrowskatv.pl\/index.php?rest_route=\/wp\/v2\/media\/6452"}],"wp:attachment":[{"href":"https:\/\/ostrowskatv.pl\/index.php?rest_route=%2Fwp%2Fv2%2Fmedia&parent=6450"}],"wp:term":[{"taxonomy":"category","embeddable":true,"href":"https:\/\/ostrowskatv.pl\/index.php?rest_route=%2Fwp%2Fv2%2Fcategories&post=6450"},{"taxonomy":"post_tag","embeddable":true,"href":"https:\/\/ostrowskatv.pl\/index.php?rest_route=%2Fwp%2Fv2%2Ftags&post=6450"}],"curies":[{"name":"wp","href":"https:\/\/api.w.org\/{rel}","templated":true}]}}