{"id":6444,"date":"2018-06-14T08:55:28","date_gmt":"2018-06-14T07:55:28","guid":{"rendered":"http:\/\/ostrowska.tv\/?p=6444"},"modified":"2018-06-14T08:55:28","modified_gmt":"2018-06-14T07:55:28","slug":"kobieta-w-bmw-skasowala-barierki-i-uderzyla-w-busa","status":"publish","type":"post","link":"https:\/\/ostrowskatv.pl\/?p=6444","title":{"rendered":"Kobieta w BMW skasowa\u0142a barierki i uderzy\u0142a w busa"},"content":{"rendered":"<p><strong>Czwartkowy poranek \u017ale sko\u0144czy\u0142 si\u0119 dla kieruj\u0105cej BMW (PKR). Kobieta jecha\u0142a za ulic\u0105 Krotoszy\u0144sk\u0105 w stron\u0119 centrum miasta. Na wysoko\u015bci skrzy\u017cowania z ul. Pozna\u0144sk\u0105 postanowi\u0142a wyprzedzi\u0107 jad\u0105cego przed ni\u0105 busa.<\/strong><\/p>\n<p>Wedlug relacji kierowcy busa, kobieta w BMW dynamicznie zmieni\u0142a pas na lewy. Tam dostrzeg\u0142a inny pojazd i postanowi\u0142a wr\u00f3ci\u0107 na prawy pas. Zahaczy\u0142a jednak o naro\u017cnik busa i wjecha\u0142a w barierki.<\/p>\n<p>Na szcz\u0119\u015bcie nikt nie odni\u00f3s\u0142 obra\u017ce\u0144.<\/p>\n<div id='gallery-1' class='gallery galleryid-6444 gallery-columns-3 gallery-size-thumbnail'><figure class='gallery-item'>\n\t\t\t<div class='gallery-icon landscape'>\n\t\t\t\t<a href='https:\/\/ostrowskatv.pl\/?attachment_id=6447'><img loading=\"lazy\" decoding=\"async\" width=\"150\" height=\"150\" src=\"https:\/\/ostrowskatv.pl\/wp-content\/uploads\/2018\/06\/bmw03-150x150.jpg\" class=\"attachment-thumbnail size-thumbnail\" alt=\"\" aria-describedby=\"gallery-1-6447\" \/><\/a>\n\t\t\t<\/div>\n\t\t\t\t<figcaption class='wp-caption-text gallery-caption' id='gallery-1-6447'>\n\t\t\t\toznor\n\t\t\t\t<\/figcaption><\/figure><figure class='gallery-item'>\n\t\t\t<div class='gallery-icon landscape'>\n\t\t\t\t<a href='https:\/\/ostrowskatv.pl\/?attachment_id=6446'><img loading=\"lazy\" decoding=\"async\" width=\"150\" height=\"150\" src=\"https:\/\/ostrowskatv.pl\/wp-content\/uploads\/2018\/06\/bmw02-150x150.jpg\" class=\"attachment-thumbnail size-thumbnail\" alt=\"\" aria-describedby=\"gallery-1-6446\" \/><\/a>\n\t\t\t<\/div>\n\t\t\t\t<figcaption class='wp-caption-text gallery-caption' id='gallery-1-6446'>\n\t\t\t\trhdr\n\t\t\t\t<\/figcaption><\/figure><figure class='gallery-item'>\n\t\t\t<div class='gallery-icon landscape'>\n\t\t\t\t<a href='https:\/\/ostrowskatv.pl\/?attachment_id=6445'><img loading=\"lazy\" decoding=\"async\" width=\"150\" height=\"150\" src=\"https:\/\/ostrowskatv.pl\/wp-content\/uploads\/2018\/06\/bmw01-150x150.jpg\" class=\"attachment-thumbnail size-thumbnail\" alt=\"\" aria-describedby=\"gallery-1-6445\" \/><\/a>\n\t\t\t<\/div>\n\t\t\t\t<figcaption class='wp-caption-text gallery-caption' id='gallery-1-6445'>\n\t\t\t\tcof\n\t\t\t\t<\/figcaption><\/figure>\n\t\t<\/div>\n\n","protected":false},"excerpt":{"rendered":"Czwartkowy poranek \u017ale sko\u0144czy\u0142 si\u0119 dla kieruj\u0105cej BMW (PKR). Kobieta jecha\u0142a za ulic\u0105 Krotoszy\u0144sk\u0105 w stron\u0119 centrum miasta. Na wysoko\u015bci skrzy\u017cowania z ul. \n<a class=\"moretag\" href=\"https:\/\/ostrowskatv.pl\/?p=6444\"> [...]<\/a>","protected":false},"author":1,"featured_media":6445,"comment_status":"open","ping_status":"closed","sticky":false,"template":"","format":"standard","meta":{"footnotes":""},"categories":[1],"tags":[2],"class_list":["post-6444","post","type-post","status-publish","format-standard","has-post-thumbnail","hentry","category-news","tag-ostrow-wielkopolski"],"_links":{"self":[{"href":"https:\/\/ostrowskatv.pl\/index.php?rest_route=\/wp\/v2\/posts\/6444","targetHints":{"allow":["GET"]}}],"collection":[{"href":"https:\/\/ostrowskatv.pl\/index.php?rest_route=\/wp\/v2\/posts"}],"about":[{"href":"https:\/\/ostrowskatv.pl\/index.php?rest_route=\/wp\/v2\/types\/post"}],"author":[{"embeddable":true,"href":"https:\/\/ostrowskatv.pl\/index.php?rest_route=\/wp\/v2\/users\/1"}],"replies":[{"embeddable":true,"href":"https:\/\/ostrowskatv.pl\/index.php?rest_route=%2Fwp%2Fv2%2Fcomments&post=6444"}],"version-history":[{"count":0,"href":"https:\/\/ostrowskatv.pl\/index.php?rest_route=\/wp\/v2\/posts\/6444\/revisions"}],"wp:featuredmedia":[{"embeddable":true,"href":"https:\/\/ostrowskatv.pl\/index.php?rest_route=\/wp\/v2\/media\/6445"}],"wp:attachment":[{"href":"https:\/\/ostrowskatv.pl\/index.php?rest_route=%2Fwp%2Fv2%2Fmedia&parent=6444"}],"wp:term":[{"taxonomy":"category","embeddable":true,"href":"https:\/\/ostrowskatv.pl\/index.php?rest_route=%2Fwp%2Fv2%2Fcategories&post=6444"},{"taxonomy":"post_tag","embeddable":true,"href":"https:\/\/ostrowskatv.pl\/index.php?rest_route=%2Fwp%2Fv2%2Ftags&post=6444"}],"curies":[{"name":"wp","href":"https:\/\/api.w.org\/{rel}","templated":true}]}}